{"id":3869,"date":"2019-05-02T23:49:44","date_gmt":"2019-05-02T23:49:44","guid":{"rendered":"http:\/\/www.radiopresidenteibanez.cl\/web\/?p=3869"},"modified":"2019-05-02T23:50:28","modified_gmt":"2019-05-02T23:50:28","slug":"iva-brigada-aerea-realizo-ceremonia-de-premiacion-del-primer-concurso-pictorico-regional-los-caminos-del-aire","status":"publish","type":"post","link":"https:\/\/www.radiopresidenteibanez.cl\/web\/iva-brigada-aerea-realizo-ceremonia-de-premiacion-del-primer-concurso-pictorico-regional-los-caminos-del-aire\/","title":{"rendered":"IV\u00aa BRIGADA A\u00c9REA REALIZ\u00d3 CEREMONIA DE PREMIACI\u00d3N DEL PRIMER CONCURSO PICT\u00d3RICO REGIONAL, \u201cLOS CAMINOS DEL AIRE\u201d."},"content":{"rendered":"\n<p>El d\u00eda 30\nde abril, en el teatro municipal de Punta Arenas Jos\u00e9 Bohr, se realiz\u00f3 la ceremonia\nde premiaci\u00f3n del primer concurso pict\u00f3rico regional \u201cLos Caminos del Aire\u201d,\nactividad que cont\u00f3 con la presencia de la secretaria regional ministerial de\neducaci\u00f3n Beatriz S\u00e1nchez Ca\u00f1ete, del Alcalde de la Ilustre municipalidad de\nPunta Arenas, Claudio Radonich Jim\u00e9nez y del Comandante en Jefe de la IV<sup>a<\/sup>\nBrigada A\u00e9rea, General de Brigada A\u00e9rea (A) Eduardo Mosqueira Cruz, entre otras\nautoridades. As\u00ed tambi\u00e9n de directores, profesores patrocinantes y familiares\nde los alumnos participantes.<\/p>\n\n\n\n<p>Durante el\ndesarrollo de esta actividad, hizo uso de la palabra el General Mosqueira, quien\nse\u00f1al\u00f3 que, cuando se dio a la tarea de organizar el presente concurso, jam\u00e1s\nimagin\u00f3 que iba a tener tan alta convocatoria, reconociendo que la gran calidad\nde los trabajos, le demand\u00f3 una ardua tarea la elecci\u00f3n de los ganadores, junto\na la comisi\u00f3n evaluadora.<\/p>\n\n\n\n<p>\u201cel\nprincipal objetivo que persigui\u00f3 este concurso, lo constituy\u00f3 el hecho de acercar\nla Fuerza A\u00e9rea de Chile a la comunidad magall\u00e1nica. Y que mejor forma de\nhacerlo, que a trav\u00e9s del arte, visto por los ni\u00f1os y j\u00f3venes de la regi\u00f3n\u201d,\nse\u00f1al\u00f3 el General.<\/p>\n\n\n\n<p>Posteriormente,\nse dio inicio a la ceremonia de premiaci\u00f3n, recayendo el primer lugar en la\nalumna del cuarto a\u00f1o medio del liceo Luis Alberto Barrera, Valeska Sep\u00falveda\nSandoval. El segundo lugar lo ocup\u00f3 la alumna Fernanda Segovia Mancilla del\ntercer a\u00f1o medio del liceo experimental LEUMAG. El tercer lugar fue para el\nalumno Cr\u00edstofer Salinas Guerrero de la escuela Capit\u00e1n Juan Ladrilleros de\nPuerto Natales. Finalmente, se hizo entrega de una menci\u00f3n honrosa para Elio\nEnr\u00edquez Gumera, alumno del curso laboral 2 de la escuela Nicol\u00e1s Ml\u00e1dinic.<\/p>\n\n\n\n<p>Posterior\na la entrega de premios y ante un teatro municipal con todas sus aposentadur\u00edas\ncopadas, se present\u00f3 el conjunto folcl\u00f3rico de la IV<sup>a<\/sup> Brigada A\u00e9rea,\nLos Arrieros del Viento, con los cuadros Patagonia y mi Chilo\u00e9 encantado, lo\nque caus\u00f3 el deleite de los asistentes.<\/p>\n\n\n\n<p>Al finalizar la ceremonia, se invit\u00f3 a todos los presentes a apreciar los trabajos de los alumnos participantes.<\/p>\n\n\n\n<figure class=\"wp-block-image\"><img loading=\"lazy\" decoding=\"async\" width=\"1024\" height=\"684\" src=\"https:\/\/www.radiopresidenteibanez.cl\/web\/wp-content\/uploads\/2019\/05\/12-1024x684.jpeg\" alt=\"\" class=\"wp-image-3870\" srcset=\"https:\/\/www.radiopresidenteibanez.cl\/web\/wp-content\/uploads\/2019\/05\/12-1024x684.jpeg 1024w, https:\/\/www.radiopresidenteibanez.cl\/web\/wp-content\/uploads\/2019\/05\/12-300x200.jpeg 300w, https:\/\/www.radiopresidenteibanez.cl\/web\/wp-content\/uploads\/2019\/05\/12-768x513.jpeg 768w, https:\/\/www.radiopresidenteibanez.cl\/web\/wp-content\/uploads\/2019\/05\/12.jpeg 1280w\" sizes=\"auto, (max-width: 1024px) 100vw, 1024px\" \/><\/figure>\n","protected":false},"excerpt":{"rendered":"<p>El d\u00eda 30 de abril, en el teatro municipal de Punta Arenas Jos\u00e9 Bohr, se realiz\u00f3 la ceremonia de premiaci\u00f3n del primer concurso pict\u00f3rico regional \u201cLos Caminos del Aire\u201d, actividad&#8230; <a class=\"read-more\" href=\"https:\/\/www.radiopresidenteibanez.cl\/web\/iva-brigada-aerea-realizo-ceremonia-de-premiacion-del-primer-concurso-pictorico-regional-los-caminos-del-aire\/\">Leer m\u00e1s<\/a><\/p>\n","protected":false},"author":2,"featured_media":3870,"comment_status":"closed","ping_status":"closed","sticky":false,"template":"","format":"standard","meta":{"footnotes":""},"categories":[1],"tags":[],"class_list":["post-3869","post","type-post","status-publish","format-standard","has-post-thumbnail","hentry","category-cronica"],"_links":{"self":[{"href":"https:\/\/www.radiopresidenteibanez.cl\/web\/wp-json\/wp\/v2\/posts\/3869","targetHints":{"allow":["GET"]}}],"collection":[{"href":"https:\/\/www.radiopresidenteibanez.cl\/web\/wp-json\/wp\/v2\/posts"}],"about":[{"href":"https:\/\/www.radiopresidenteibanez.cl\/web\/wp-json\/wp\/v2\/types\/post"}],"author":[{"embeddable":true,"href":"https:\/\/www.radiopresidenteibanez.cl\/web\/wp-json\/wp\/v2\/users\/2"}],"replies":[{"embeddable":true,"href":"https:\/\/www.radiopresidenteibanez.cl\/web\/wp-json\/wp\/v2\/comments?post=3869"}],"version-history":[{"count":0,"href":"https:\/\/www.radiopresidenteibanez.cl\/web\/wp-json\/wp\/v2\/posts\/3869\/revisions"}],"wp:featuredmedia":[{"embeddable":true,"href":"https:\/\/www.radiopresidenteibanez.cl\/web\/wp-json\/wp\/v2\/media\/3870"}],"wp:attachment":[{"href":"https:\/\/www.radiopresidenteibanez.cl\/web\/wp-json\/wp\/v2\/media?parent=3869"}],"wp:term":[{"taxonomy":"category","embeddable":true,"href":"https:\/\/www.radiopresidenteibanez.cl\/web\/wp-json\/wp\/v2\/categories?post=3869"},{"taxonomy":"post_tag","embeddable":true,"href":"https:\/\/www.radiopresidenteibanez.cl\/web\/wp-json\/wp\/v2\/tags?post=3869"}],"curies":[{"name":"wp","href":"https:\/\/api.w.org\/{rel}","templated":true}]}}