{"id":38678,"date":"2023-04-04T12:50:00","date_gmt":"2023-04-04T15:50:00","guid":{"rendered":"https:\/\/www.radiopresidenteibanez.cl\/web\/?p=38678"},"modified":"2023-04-04T08:52:57","modified_gmt":"2023-04-04T11:52:57","slug":"un-concurso-literario-y-un-campeonato-de-truco-realizara-anef-magallanes-para-celebrar-sus-80-anos","status":"publish","type":"post","link":"https:\/\/www.radiopresidenteibanez.cl\/web\/un-concurso-literario-y-un-campeonato-de-truco-realizara-anef-magallanes-para-celebrar-sus-80-anos\/","title":{"rendered":"Un concurso literario y un campeonato de truco realizar\u00e1 Anef Magallanes para celebrar sus 80 a\u00f1os"},"content":{"rendered":"\n<p>Este lunes 3 de abril las comisiones organizadoras junto con el Directorio, hicieron el lanzamiento oficial de las bases del concurso literario y del campeonato de truco, donde este a\u00f1o Anef Magallanes celebrar\u00e1 sus 80 a\u00f1os de vida.<\/p>\n\n\n\n<p>La Presidenta del Directorio, Evelyn C\u00f3rdova Mar\u00edn, destac\u00f3 el trabajo de las asociaciones bases para sacar adelante esta celebraci\u00f3n con actividades deportivas y culturales. \u00abeste a\u00f1o cumpliremos 80 a\u00f1os y como agrupaci\u00f3n queremos celebrarlo en grande, por eso invitamos a nuestros socios y socias a contar sus experiencias a trav\u00e9s de un cuento y adem\u00e1s que participen en un campeonato de truco, juego muy nuestro qu\u00e9 de seguro motivar\u00e1 a las asociaciones\u00bb.<\/p>\n\n\n\n<p>Para participar en el campeonato de truco, cada asociaci\u00f3n puede inscribir a una pareja hasta el lunes 17 de abril a las 16.00 hrs, en cambio para participar en el concurso literario puede solicitar las bases a sus presidentes o delegados o pedirlas directamente al correo Anef regional.magallanes@anef.cl, el cierre del concurso literario es hasta el viernes 21 de abril, la idea es que en una plana las y los funcionarios p\u00fablicos puedan contar sus experiencias ya sea en la categor\u00eda individual o familiar.<\/p>\n\n\n\n<p>El Directorio Anef Magallanes invita a todas y todos sus socios a participar activamente de las actividades aniversario, el cual finalizar\u00e1 el pr\u00f3ximo 5 de mayo al cumplirse los 80 a\u00f1os de la Agrupaci\u00f3n Nacional de Empleados Fiscales.<\/p>\n","protected":false},"excerpt":{"rendered":"<p>Este lunes 3 de abril las comisiones organizadoras junto con el Directorio, hicieron el lanzamiento oficial de las bases del concurso literario y del campeonato de truco, donde este a\u00f1o&#8230; <a class=\"read-more\" href=\"https:\/\/www.radiopresidenteibanez.cl\/web\/un-concurso-literario-y-un-campeonato-de-truco-realizara-anef-magallanes-para-celebrar-sus-80-anos\/\">Leer m\u00e1s<\/a><\/p>\n","protected":false},"author":2,"featured_media":38679,"comment_status":"closed","ping_status":"closed","sticky":false,"template":"","format":"standard","meta":{"footnotes":""},"categories":[1],"tags":[],"class_list":["post-38678","post","type-post","status-publish","format-standard","has-post-thumbnail","hentry","category-cronica"],"_links":{"self":[{"href":"https:\/\/www.radiopresidenteibanez.cl\/web\/wp-json\/wp\/v2\/posts\/38678","targetHints":{"allow":["GET"]}}],"collection":[{"href":"https:\/\/www.radiopresidenteibanez.cl\/web\/wp-json\/wp\/v2\/posts"}],"about":[{"href":"https:\/\/www.radiopresidenteibanez.cl\/web\/wp-json\/wp\/v2\/types\/post"}],"author":[{"embeddable":true,"href":"https:\/\/www.radiopresidenteibanez.cl\/web\/wp-json\/wp\/v2\/users\/2"}],"replies":[{"embeddable":true,"href":"https:\/\/www.radiopresidenteibanez.cl\/web\/wp-json\/wp\/v2\/comments?post=38678"}],"version-history":[{"count":0,"href":"https:\/\/www.radiopresidenteibanez.cl\/web\/wp-json\/wp\/v2\/posts\/38678\/revisions"}],"wp:featuredmedia":[{"embeddable":true,"href":"https:\/\/www.radiopresidenteibanez.cl\/web\/wp-json\/wp\/v2\/media\/38679"}],"wp:attachment":[{"href":"https:\/\/www.radiopresidenteibanez.cl\/web\/wp-json\/wp\/v2\/media?parent=38678"}],"wp:term":[{"taxonomy":"category","embeddable":true,"href":"https:\/\/www.radiopresidenteibanez.cl\/web\/wp-json\/wp\/v2\/categories?post=38678"},{"taxonomy":"post_tag","embeddable":true,"href":"https:\/\/www.radiopresidenteibanez.cl\/web\/wp-json\/wp\/v2\/tags?post=38678"}],"curies":[{"name":"wp","href":"https:\/\/api.w.org\/{rel}","templated":true}]}}