{"id":38669,"date":"2023-04-04T09:37:00","date_gmt":"2023-04-04T12:37:00","guid":{"rendered":"https:\/\/www.radiopresidenteibanez.cl\/web\/?p=38669"},"modified":"2023-04-04T08:30:23","modified_gmt":"2023-04-04T11:30:23","slug":"tabsa-busca-incorporar-a-al-menos-una-mujer-en-cada-una-de-sus-embarcaciones","status":"publish","type":"post","link":"https:\/\/www.radiopresidenteibanez.cl\/web\/tabsa-busca-incorporar-a-al-menos-una-mujer-en-cada-una-de-sus-embarcaciones\/","title":{"rendered":"TABSA busca incorporar a, al menos, una mujer en cada una de sus embarcaciones"},"content":{"rendered":"\n<p>Incorporar a, al menos, una mujer en cada una de sus 12 embarcaciones es el objetivo que se fij\u00f3 TABSA con el prop\u00f3sito de brindar espacios laborales, t\u00edpicamente masculinos, a mujeres que busquen desarrollar su vida laboral en el mar.<\/p>\n\n\n\n<p>As\u00ed lo expres\u00f3 Cristobal Kulczewski, Gerente General de TABSA, luego de dar la bienvenida a ocho j\u00f3venes mujeres que se incorporaron hoy a la empresa como aspirantes a Tripulantes General de Cubierta durante una ceremonia en la que se les hizo entrega oficial de su Permiso de Embarque luego de haber recibido preparaci\u00f3n te\u00f3rica en la fundaci\u00f3n South Pacific Seafarers.<\/p>\n\n\n\n<p>\u201cHoy se incorporan a nuestra flota, para iniciar un periodo de 60 d\u00edas durante los cuales conocer\u00e1n las labores que se realizan a bordo y, luego, obtienen su permiso de trabajo como Tripulante General de Cubierta. Como compa\u00f1\u00eda estamos muy contentos y orgullosos de dar otro paso m\u00e1s de incorporar a las mujeres en este tipo de actividades\u201d, destac\u00f3 el ejecutivo.<\/p>\n\n\n\n<p>Explic\u00f3 que actualmente el personal de TABSA est\u00e1 compuesto, en un 15 por ciento, por mujeres, de la cuales un total de diez trabajadoras desarrollan sus labores a bordo de la flota de la empresa. \u201cCon la incorporaci\u00f3n de 15 mujeres m\u00e1s vamos a cumplir con nuestro compromiso de contar con, a lo menos, una mujer en cada una de nuestras embarcaciones\u201d, se\u00f1al\u00f3 Kulczewski.<\/p>\n\n\n\n<p>En tanto, Raquel Meza, Directora de South Pacific Seafarers Chile explic\u00f3 que \u201cpartimos con TABSA haciendo un proyecto de estandarizaci\u00f3n de su tripulaci\u00f3n. Y dentro de nuestras iniciativas se encuentra la incorporaci\u00f3n de, a lo menos, una mujer por embarcaci\u00f3n en todo el pa\u00eds. TABSA es la primera empresa que crey\u00f3 en nuestro proyecto y hoy estamos acompa\u00f1ando a ocho j\u00f3venes, una de Punta Arenas, de un total de 15.\u201d<\/p>\n\n\n\n<p>La ceremonia cont\u00f3 con la presencia de la seremi de la Mujer y Equidad de G\u00e9nero, Alejandra Ruiz, quien se\u00f1al\u00f3 que la iniciativa de TABSA \u201ces un ejemplo para otras empresas y para el pa\u00eds.\u201d Dijo que \u201ces de suma importancia lo que est\u00e1 haciendo en este momento TABSA, capacitando a mujeres para que puedan ser tripulantes en un rubro que es tradicionalmente masculino. Ingresar a una capacitaci\u00f3n y adem\u00e1s el compromiso de ser contratada nos ayuda adem\u00e1s a avanzar en la participaci\u00f3n laboral femenina.\u201d<\/p>\n\n\n\n<p>Una de las j\u00f3venes que se incorporaron a la flota de TABSA es Katherine Soto, de 27 a\u00f1os, quien dijo que tratar\u00e1 de \u201csacar lo mejor de nosotras y destacar a las mujeres en el rol que nos toque. Siempre me han gustado los trabajos m\u00e1s fuertes, m\u00e1s de hombre y demostrar que nosotras, las mujeres podemos hacer lo mismo que un hombre.\u201d Asimismo, Milenka Mart\u00ednez, de 21 a\u00f1os indic\u00f3 que \u201csiempre me llam\u00f3 la atenci\u00f3n el ambiente de la Armada, estar metida en el mar. Agradecer la oportunidad que nos dieron, igual es algo nuevo.\u201d<\/p>\n\n\n\n<p>En tanto, Victoria Gonz\u00e1lez quien se desempe\u00f1a en el \u00e1rea de Planificaci\u00f3n de TABSA, dijo que trabajar embarcado es \u201ccomplejo ya que est\u00e1 hecho m\u00e1s que nada para el hombre, pero hoy la brecha se est\u00e1 abriendo, podemos participar m\u00e1s con ellas esta alternativa de colocarlas en las embarcaciones, nos da otro plus y nos ayuda a que no sea un mundo tan cerrado.\u201d<\/p>\n\n\n\n<p>En la ceremonia, que se realiz\u00f3 hoy en la sala de pasajeros del ferry Pathagon, estuvieron presentes tambi\u00e9n el Comandante en Jefe de la Tercera Zona Naval, Contraalmirante Fernando Borcoski y el Gobernador Mar\u00edtimo de Punta Arenas, Capit\u00e1n de Nav\u00edo Juan Pablo Colip\u00ed.<\/p>\n","protected":false},"excerpt":{"rendered":"<p>Incorporar a, al menos, una mujer en cada una de sus 12 embarcaciones es el objetivo que se fij\u00f3 TABSA con el prop\u00f3sito de brindar espacios laborales, t\u00edpicamente masculinos, a&#8230; <a class=\"read-more\" href=\"https:\/\/www.radiopresidenteibanez.cl\/web\/tabsa-busca-incorporar-a-al-menos-una-mujer-en-cada-una-de-sus-embarcaciones\/\">Leer m\u00e1s<\/a><\/p>\n","protected":false},"author":2,"featured_media":38670,"comment_status":"closed","ping_status":"closed","sticky":false,"template":"","format":"standard","meta":{"footnotes":""},"categories":[1],"tags":[],"class_list":["post-38669","post","type-post","status-publish","format-standard","has-post-thumbnail","hentry","category-cronica"],"_links":{"self":[{"href":"https:\/\/www.radiopresidenteibanez.cl\/web\/wp-json\/wp\/v2\/posts\/38669","targetHints":{"allow":["GET"]}}],"collection":[{"href":"https:\/\/www.radiopresidenteibanez.cl\/web\/wp-json\/wp\/v2\/posts"}],"about":[{"href":"https:\/\/www.radiopresidenteibanez.cl\/web\/wp-json\/wp\/v2\/types\/post"}],"author":[{"embeddable":true,"href":"https:\/\/www.radiopresidenteibanez.cl\/web\/wp-json\/wp\/v2\/users\/2"}],"replies":[{"embeddable":true,"href":"https:\/\/www.radiopresidenteibanez.cl\/web\/wp-json\/wp\/v2\/comments?post=38669"}],"version-history":[{"count":0,"href":"https:\/\/www.radiopresidenteibanez.cl\/web\/wp-json\/wp\/v2\/posts\/38669\/revisions"}],"wp:featuredmedia":[{"embeddable":true,"href":"https:\/\/www.radiopresidenteibanez.cl\/web\/wp-json\/wp\/v2\/media\/38670"}],"wp:attachment":[{"href":"https:\/\/www.radiopresidenteibanez.cl\/web\/wp-json\/wp\/v2\/media?parent=38669"}],"wp:term":[{"taxonomy":"category","embeddable":true,"href":"https:\/\/www.radiopresidenteibanez.cl\/web\/wp-json\/wp\/v2\/categories?post=38669"},{"taxonomy":"post_tag","embeddable":true,"href":"https:\/\/www.radiopresidenteibanez.cl\/web\/wp-json\/wp\/v2\/tags?post=38669"}],"curies":[{"name":"wp","href":"https:\/\/api.w.org\/{rel}","templated":true}]}}