{"id":38666,"date":"2023-04-04T08:25:00","date_gmt":"2023-04-04T11:25:00","guid":{"rendered":"https:\/\/www.radiopresidenteibanez.cl\/web\/?p=38666"},"modified":"2023-04-04T08:25:13","modified_gmt":"2023-04-04T11:25:13","slug":"caminata-y-gobierno-en-terreno-inclusivo-pararelevar-la-condicion-de-personas-tea","status":"publish","type":"post","link":"https:\/\/www.radiopresidenteibanez.cl\/web\/caminata-y-gobierno-en-terreno-inclusivo-pararelevar-la-condicion-de-personas-tea\/","title":{"rendered":"Caminata y Gobierno en Terreno inclusivo pararelevar la condici\u00f3n de personas TEA"},"content":{"rendered":"\n<p>\u201cNo hay dos personas en el espectro que sean iguales\u201d, y por esa diversidad es que es necesario que pongamos m\u00e1s atenci\u00f3n. Que comprendamos que la integraci\u00f3n, la aceptaci\u00f3n del otro es algo que debiera ser inherente a la calidad de ser humano y que las pol\u00edticas p\u00fablicas deben ser eficientes y efectivas cuando se trata de personas que necesitan de ellas para lograr la inserci\u00f3n y un trato<br>justo y equitativo.<br>En el marco del \u201cD\u00eda Internacional del Espectro Autista\u201d, esta ma\u00f1ana se desarroll\u00f3 con \u00e9xito el Gobierno en Terreno inclusivo, organizado por la Delegaci\u00f3n Presidencial, orientado a la visibilizaci\u00f3n de las personas que pertenecen al espectro autista. As\u00ed, la Delegada Presidencial, junto a otras autoridades, fue parte de los cientos de personas que participaron de la caminata para \u201cvisibilizar lo que no se ve\u201d. Un acto simb\u00f3lico potente, de familias y autoridades caminando por la calle principal de la ciudad para decirle a la sociedad que hay personas que ven de manera diferente el mundo, pero que pertenecen a \u00e9l.<br>La caminata se inici\u00f3 en la calle Bories, para finalizar en el Liceo Sara Braun, recinto educacional que alberg\u00f3 a un Gobierno en Terreno involucrado y trabajando por la concienciaci\u00f3n del autismo. La Delegada Presidencial Regional, Luz Berm\u00fadez Sandoval, manifest\u00f3 que \u201clas personas de las agrupaciones del espectro autista han hecho un trabajo muy importante en la ciudadan\u00eda, el que ha permitido, junto al trabajo de nuestro gobierno, sacar adelante la ley TEA, que era una ley que estuvieron empujando por mucho tiempo y que, cuando nosotros asumimos, tomamos esa bandera para poder avanzar en inclusi\u00f3n. Queda camino todav\u00eda, sabemos que no basta con una ley, sabemos que tenemos que seguir haciendo conciencia y en ese sentido, el d\u00eda de ayer se conmemor\u00f3 el D\u00eda por la inclusi\u00f3n y la concienciaci\u00f3n de las personas con TEA, y hoy a trav\u00e9s de este Gobierno en Terreno, organizado por la Delegaci\u00f3n, quisimos aportar en esa necesaria visibilizaci\u00f3n\u201d.<br>La Directora regional de Senadis, Soledad C\u00e1rdenas, detalla: \u201cEste d\u00eda adquiere mayor relevancia en este<br>2023, porque estamos con una ley reci\u00e9n publicada, que es la Ley de Espectro Autista que concreta los<br>derechos de las personas autistas, tanto en el \u00e1mbito de inclusi\u00f3n social, educacional y de salud. Es<br>tremendamente importante relevar la publicaci\u00f3n de esta ley porque tambi\u00e9n hace la diferencia entre las<br>personas del espectro autista y que \u00e9stas no necesariamente pueden tener discapacidad. En Chile hay m\u00e1s de 44.000 personas que tienen trastorno de espectro autista y en t\u00e9rminos porcentuales es muy similar la cifra de quienes tienen discapacidad, como quienes no presentan una. Es por esto que es tremendamente importante que el Estado genere pol\u00edticas p\u00fablicas, genere los ajustes razonables al interior de sus ofertas program\u00e1ticas, en todo lo que tiene relaci\u00f3n con la atenci\u00f3n a la condici\u00f3n del espectro autista\u201d.<br>Rosa Mar\u00eda Miranda Tobar, Presidenta Agrupaci\u00f3n y Fundaci\u00f3n \u201cTe abrazo Magallanes\u201d, expres\u00f3 su<br>agradecimiento \u201ca la Delegaci\u00f3n Presidencial, a todos los funcionarios, a Senadis, a Educaci\u00f3n, que hemos<br>hecho este trabajo en conjunto para que hoy d\u00eda se pueda visibilizar una vez m\u00e1s, como tiene que ser los<br>trescientos sesenta y cinco d\u00edas esta condici\u00f3n que es invisible ante la sociedad. Estamos felices, orgullosos porque tambi\u00e9n hicieron parte presente nuestras autoridades y eso es lo que tiene que ser, caminar junto a las familias para que puedan conocer avanzar y podamos trabajar mancomunados todos para mejorar la calidad de vida y salud de nuestros ni\u00f1os, ni\u00f1as, adolescentes y adultos\u201d.<br>Mientras que Loreto G\u00e1lvez G\u00e1lvez, integrante de la agrupaci\u00f3n, esposa y madre de personas con TEA,<br>a\u00f1adi\u00f3: \u201csolo agradecerles que est\u00e9n con nosotros en un d\u00eda tan importante. Soy parte del equipo de<br>gestores de \u201cTe Abrazo Magallanes\u201d. Hoy conmemoramos el D\u00eda internacional del autismo, como as\u00ed<br>tambi\u00e9n, un d\u00eda s\u00faper especial, porque estamos celebrando nuestra Ley, la 21545. Que marcar\u00e1 un antes y un despu\u00e9s. Agradecemos que durante este Gobierno se haya promulgado esta ley, la trabajamos con mucho tiempo a nivel nacional. Esperemos que comience la bajada para nuestros ni\u00f1os no sigan siendo vulnerados, para que tengan una atenci\u00f3n temprana y tengamos una buena vida\u201d.<br>Uno de los objetivos de las familias con ni\u00f1os o ni\u00f1as en condici\u00f3n del espectro autista es que la educaci\u00f3n sea sin discriminaci\u00f3n.<\/p>\n\n\n\n<p>El Seremi de Educaci\u00f3n, Valent\u00edn Aguilera, indica que \u201cefectivamente estamos trabajando con distintas organizaciones de la sociedad civil, que pertenecen al mundo de familias que tienen ni\u00f1os, ni\u00f1as, hijos, con diagn\u00f3stico TEA, hay compromisos que se han abordado en el espacio de trabajo, que tienen relaci\u00f3n, por ejemplo, con espacios de sensibilizaci\u00f3n a los equipos de gesti\u00f3n, a los equipos de los<br>programas de integraci\u00f3n, tambi\u00e9n que tiene que ver con acompa\u00f1amiento al programa de integraci\u00f3n,<br>especialmente con la reciente promulgaci\u00f3n por nuestro Presidente Gabriel Boric de la ley TEA y tambi\u00e9n<br>espacio de trabajo intersectorial, por lo cual justamente en este espacio encabezado por nuestra Delegada Presidencial, nos encontramos distintos servicios, distintos ministerios, en un trabajo que tiene un abordaje que es multisectorial\u201d.<\/p>\n","protected":false},"excerpt":{"rendered":"<p>\u201cNo hay dos personas en el espectro que sean iguales\u201d, y por esa diversidad es que es necesario que pongamos m\u00e1s atenci\u00f3n. Que comprendamos que la integraci\u00f3n, la aceptaci\u00f3n del&#8230; <a class=\"read-more\" href=\"https:\/\/www.radiopresidenteibanez.cl\/web\/caminata-y-gobierno-en-terreno-inclusivo-pararelevar-la-condicion-de-personas-tea\/\">Leer m\u00e1s<\/a><\/p>\n","protected":false},"author":2,"featured_media":38667,"comment_status":"closed","ping_status":"closed","sticky":false,"template":"","format":"standard","meta":{"footnotes":""},"categories":[1],"tags":[],"class_list":["post-38666","post","type-post","status-publish","format-standard","has-post-thumbnail","hentry","category-cronica"],"_links":{"self":[{"href":"https:\/\/www.radiopresidenteibanez.cl\/web\/wp-json\/wp\/v2\/posts\/38666","targetHints":{"allow":["GET"]}}],"collection":[{"href":"https:\/\/www.radiopresidenteibanez.cl\/web\/wp-json\/wp\/v2\/posts"}],"about":[{"href":"https:\/\/www.radiopresidenteibanez.cl\/web\/wp-json\/wp\/v2\/types\/post"}],"author":[{"embeddable":true,"href":"https:\/\/www.radiopresidenteibanez.cl\/web\/wp-json\/wp\/v2\/users\/2"}],"replies":[{"embeddable":true,"href":"https:\/\/www.radiopresidenteibanez.cl\/web\/wp-json\/wp\/v2\/comments?post=38666"}],"version-history":[{"count":0,"href":"https:\/\/www.radiopresidenteibanez.cl\/web\/wp-json\/wp\/v2\/posts\/38666\/revisions"}],"wp:featuredmedia":[{"embeddable":true,"href":"https:\/\/www.radiopresidenteibanez.cl\/web\/wp-json\/wp\/v2\/media\/38667"}],"wp:attachment":[{"href":"https:\/\/www.radiopresidenteibanez.cl\/web\/wp-json\/wp\/v2\/media?parent=38666"}],"wp:term":[{"taxonomy":"category","embeddable":true,"href":"https:\/\/www.radiopresidenteibanez.cl\/web\/wp-json\/wp\/v2\/categories?post=38666"},{"taxonomy":"post_tag","embeddable":true,"href":"https:\/\/www.radiopresidenteibanez.cl\/web\/wp-json\/wp\/v2\/tags?post=38666"}],"curies":[{"name":"wp","href":"https:\/\/api.w.org\/{rel}","templated":true}]}}