{"id":3866,"date":"2019-05-02T23:46:29","date_gmt":"2019-05-02T23:46:29","guid":{"rendered":"http:\/\/www.radiopresidenteibanez.cl\/web\/?p=3866"},"modified":"2019-05-02T23:46:54","modified_gmt":"2019-05-02T23:46:54","slug":"injuv-abrio-las-postulaciones-al-fondo-accion-joven-participa-que-financia-proyectos-destinados-a-jovenes-entre-15-y-29-anos","status":"publish","type":"post","link":"https:\/\/www.radiopresidenteibanez.cl\/web\/injuv-abrio-las-postulaciones-al-fondo-accion-joven-participa-que-financia-proyectos-destinados-a-jovenes-entre-15-y-29-anos\/","title":{"rendered":"INJUV ABRI\u00d3 LAS POSTULACIONES AL FONDO ACCI\u00d3N JOVEN PARTICIPA QUE FINANCIA PROYECTOS DESTINADOS A J\u00d3VENES ENTRE 15 Y 29 A\u00d1OS"},"content":{"rendered":"\n<p>El Instituto Nacional de\nla Juventud (INJUV) abri\u00f3 las postulaciones al fondo concursable <em>Acci\u00f3n Joven Participa 2019<\/em>, el cual\ntiene como prop\u00f3sito entregar financiamiento a proyectos e ideas juveniles de\norganizaciones que apuesten por beneficiar a j\u00f3venes entre 15 y 29 a\u00f1os.&nbsp;&nbsp; <\/p>\n\n\n\n<p>El Director Nacional del\nInstituto Nacional de la Juventud, Mirko Salfate, dijo que \u201cel Fondo Acci\u00f3n\nJoven Participa, est\u00e1 destinado a iniciativas juveniles o aquellas que trabajen\nen las problem\u00e1ticas de los j\u00f3venes. Este fondo es muy importante para\npotenciar la formaci\u00f3n de liderazgos juveniles, por eso los invitamos a\ninscribirse a trav\u00e9s de fondos.gob.cl hasta el 17 de mayo\u201d.<\/p>\n\n\n\n<p>INJUV busca apoyar\nproyectos que vayan en l\u00ednea con los tres ejes definidos por el Servicio:\nDesarrollo Laboral- Vocacional; Desarrollo C\u00edvico- Social y Desarrollo F\u00edsico-\nMental. <\/p>\n\n\n\n<p>La Seremi de Desarrollo\nSocial y Familia Liz Casanueva M\u00e9ndez, se\u00f1alo \u201cQueremos comunicar a la\ncomunidad que INJUV abri\u00f3 las postulaciones al Fondo Acci\u00f3n Joven Participa\ndestinado a&nbsp; j\u00f3venes entre 15 y 29 a\u00f1os,\nla idea es que, puedan participar en tres l\u00edneas: Desarrollo Laboral\nVocacional, Desarrollo C\u00edvico Social, Desarrollo F\u00edsico Mental. Como gobierno\ndel Presidente Sebasti\u00e1n Pi\u00f1era, estamos convencidos de que este fondo es muy\nimportante para potenciar la formaci\u00f3n de liderazgos juveniles, es por eso que\nlos invitamos a inscribirse a trav\u00e9s de fondos.gob.cl hasta el 17 de\nmayo\u201d.&nbsp; <\/p>\n\n\n\n<p>Las organizaciones\npostulantes deben ser personas jur\u00eddicas sin fines de lucro y deber\u00e1n encontrarse\ninscritas al momento de su postulaci\u00f3n en el Registro Central de Colaboradores\ndel Estado y Municipalidades (de acuerdo a Ley N\u00b019.862, ver en: <a href=\"http:\/\/www.registros19862.cl\">www.registros19862.cl<\/a>).<\/p>\n\n\n\n<p>Desde este a\u00f1o se postula\na trav\u00e9s de la Plataforma Unificada de Fondos Concursables del Estado (<a href=\"https:\/\/portal.fondos.gob.cl\/mds\/injuv-Joven-Participa\">https:\/\/portal.fondos.gob.cl\/mds\/injuv-Joven-Participa<\/a>) la cual fue\ndesarrollada por el Ministerio Secretar\u00eda General de Gobierno (SEGEGOB), la que\nbusca concentrar en un solo sitio web toda la oferta concursable del Estado.\nPara poder registrarse en dicha plataforma web, los postulantes deber\u00e1n contar\ncon la <strong>Clave \u00danica<\/strong> otorgada por el\nRegistro Civil y Direcciones Regionales del Instituto Nacional de la Juventud.<\/p>\n\n\n\n<p>Las bases e informaci\u00f3n est\u00e1n disponibles en <a href=\"http:\/\/www.injuv.gob.cl\/noticias\/fondo-accion-joven-participa-2019-injuv\">http:\/\/www.injuv.gob.cl\/noticias\/fondo-accion-joven-participa-2019-injuv<\/a> desde el lunes 22 de abril y las postulaciones, desde el mi\u00e9rcoles 24 de abril hasta el viernes 17 de mayo de 2019.<\/p>\n\n\n\n<figure class=\"wp-block-image\"><img loading=\"lazy\" decoding=\"async\" width=\"1024\" height=\"1024\" src=\"https:\/\/www.radiopresidenteibanez.cl\/web\/wp-content\/uploads\/2019\/05\/imagen-fondo-acci\u00f3n-joven-participa-redes-sociales-2-1024x1024.png\" alt=\"\" class=\"wp-image-3867\" srcset=\"https:\/\/www.radiopresidenteibanez.cl\/web\/wp-content\/uploads\/2019\/05\/imagen-fondo-acci\u00f3n-joven-participa-redes-sociales-2-1024x1024.png 1024w, https:\/\/www.radiopresidenteibanez.cl\/web\/wp-content\/uploads\/2019\/05\/imagen-fondo-acci\u00f3n-joven-participa-redes-sociales-2-150x150.png 150w, https:\/\/www.radiopresidenteibanez.cl\/web\/wp-content\/uploads\/2019\/05\/imagen-fondo-acci\u00f3n-joven-participa-redes-sociales-2-300x300.png 300w, https:\/\/www.radiopresidenteibanez.cl\/web\/wp-content\/uploads\/2019\/05\/imagen-fondo-acci\u00f3n-joven-participa-redes-sociales-2-768x768.png 768w, https:\/\/www.radiopresidenteibanez.cl\/web\/wp-content\/uploads\/2019\/05\/imagen-fondo-acci\u00f3n-joven-participa-redes-sociales-2.png 1251w\" sizes=\"auto, (max-width: 1024px) 100vw, 1024px\" \/><\/figure>\n","protected":false},"excerpt":{"rendered":"<p>El Instituto Nacional de la Juventud (INJUV) abri\u00f3 las postulaciones al fondo concursable Acci\u00f3n Joven Participa 2019, el cual tiene como prop\u00f3sito entregar financiamiento a proyectos e ideas juveniles de&#8230; <a class=\"read-more\" href=\"https:\/\/www.radiopresidenteibanez.cl\/web\/injuv-abrio-las-postulaciones-al-fondo-accion-joven-participa-que-financia-proyectos-destinados-a-jovenes-entre-15-y-29-anos\/\">Leer m\u00e1s<\/a><\/p>\n","protected":false},"author":2,"featured_media":3867,"comment_status":"closed","ping_status":"closed","sticky":false,"template":"","format":"standard","meta":{"footnotes":""},"categories":[1],"tags":[],"class_list":["post-3866","post","type-post","status-publish","format-standard","has-post-thumbnail","hentry","category-cronica"],"_links":{"self":[{"href":"https:\/\/www.radiopresidenteibanez.cl\/web\/wp-json\/wp\/v2\/posts\/3866","targetHints":{"allow":["GET"]}}],"collection":[{"href":"https:\/\/www.radiopresidenteibanez.cl\/web\/wp-json\/wp\/v2\/posts"}],"about":[{"href":"https:\/\/www.radiopresidenteibanez.cl\/web\/wp-json\/wp\/v2\/types\/post"}],"author":[{"embeddable":true,"href":"https:\/\/www.radiopresidenteibanez.cl\/web\/wp-json\/wp\/v2\/users\/2"}],"replies":[{"embeddable":true,"href":"https:\/\/www.radiopresidenteibanez.cl\/web\/wp-json\/wp\/v2\/comments?post=3866"}],"version-history":[{"count":0,"href":"https:\/\/www.radiopresidenteibanez.cl\/web\/wp-json\/wp\/v2\/posts\/3866\/revisions"}],"wp:featuredmedia":[{"embeddable":true,"href":"https:\/\/www.radiopresidenteibanez.cl\/web\/wp-json\/wp\/v2\/media\/3867"}],"wp:attachment":[{"href":"https:\/\/www.radiopresidenteibanez.cl\/web\/wp-json\/wp\/v2\/media?parent=3866"}],"wp:term":[{"taxonomy":"category","embeddable":true,"href":"https:\/\/www.radiopresidenteibanez.cl\/web\/wp-json\/wp\/v2\/categories?post=3866"},{"taxonomy":"post_tag","embeddable":true,"href":"https:\/\/www.radiopresidenteibanez.cl\/web\/wp-json\/wp\/v2\/tags?post=3866"}],"curies":[{"name":"wp","href":"https:\/\/api.w.org\/{rel}","templated":true}]}}