{"id":38657,"date":"2023-04-03T16:55:00","date_gmt":"2023-04-03T19:55:00","guid":{"rendered":"https:\/\/www.radiopresidenteibanez.cl\/web\/?p=38657"},"modified":"2023-04-03T15:50:49","modified_gmt":"2023-04-03T18:50:49","slug":"superintendencia-de-salud-informa-plazo-para-ingresar-reclamos-por-alza-del-precio-base-de-los-planes-de-salud-de-isapres","status":"publish","type":"post","link":"https:\/\/www.radiopresidenteibanez.cl\/web\/superintendencia-de-salud-informa-plazo-para-ingresar-reclamos-por-alza-del-precio-base-de-los-planes-de-salud-de-isapres\/","title":{"rendered":"Superintendencia de Salud informa plazo para ingresar reclamos por alza del precio base de los planes de salud de isapres"},"content":{"rendered":"\n<p>La Superintendencia de Salud inform\u00f3 que desde el s\u00e1bado 1 de abril y hasta el<br>mi\u00e9rcoles 31 de mayo, se habilitar\u00e1 en el sitio web www.supersalud.gob.cl un enlace<br>especial para que las personas afiliadas al sistema de isapres, puedan realizar<br>gratuitamente su reclamo por el alza del precio base de los planes de salud.<br>El Superintendente de Salud, Dr. V\u00edctor Torres detall\u00f3 \u201cingresando a nuestro sitio<br>web las personas podr\u00e1n encontrar el icono RECLAMO ALZA PRECIO BASE,<br>donde podr\u00e1n oponerse al alza o bien pueden hacerlo de manera presencial en<br>nuestras oficinas a lo largo de todo el pa\u00eds.\u201d<\/p>\n\n\n\n<p>Adem\u00e1s, la autoridad explic\u00f3 que \u201caquellas personas que recibieron la<br>comunicaci\u00f3n de su isapre, tienen hasta el 31 de mayo para pronunciarse, ya sea<br>aceptando el alza, cambi\u00e1ndose a alguno de los planes alternativos que debe<br>ofrecer la isapre, cuyo valor sea similar al plan vigente, desahuciando el contrato de<br>salud u oponi\u00e9ndose al alza.\u201d<br>\u201cEs importante recordar que, si la persona afiliada no se pronuncia sobre el alza, la<br>ley se\u00f1ala que se entender\u00e1 por aceptado el reajuste aplicado por la isapre\u201d<\/p>\n\n\n\n<p>Respecto al proceso de reclamos el Superintendente Torres precis\u00f3 que \u201ctodas las<br>personas afiliadas que recibieron la carta de adecuaci\u00f3n precio base podr\u00e1n<br>presentar su reclamo, si su isapre los notific\u00f3 con un porcentaje de alza superior al<br>2,6%, que es el tope m\u00e1ximo permitido por la Superintendencia y, si la isapre<br>inform\u00f3 el alza a una persona que tiene un plan de salud con menos de 1 a\u00f1o de<br>vigencia.\u201d<br>Recordemos que la Ley 21350, permite a las isapres cada a\u00f1o puedan reajustar el<br>precio base de los planes individuales de salud, sin embargo, tambi\u00e9n faculta a la<br>Superintendencia de Salud para establecer un Indicador de Costos de la Salud<br>(ICSA), que este a\u00f1o se fij\u00f3 en 2,6%, como el tope m\u00e1ximo que podr\u00e1n alzar las<br>isapres el precio base de los planes de salud de sus afiliados y afiliadas.<br>Con este tope m\u00e1ximo de alza calculado por la Superintendencia se termina con la<br>arbitrariedad del alza y se impide que las isapres traspasen la totalidad del aumento<br>de sus costos de salud a las personas.<\/p>\n","protected":false},"excerpt":{"rendered":"<p>La Superintendencia de Salud inform\u00f3 que desde el s\u00e1bado 1 de abril y hasta elmi\u00e9rcoles 31 de mayo, se habilitar\u00e1 en el sitio web www.supersalud.gob.cl un enlaceespecial para que las&#8230; <a class=\"read-more\" href=\"https:\/\/www.radiopresidenteibanez.cl\/web\/superintendencia-de-salud-informa-plazo-para-ingresar-reclamos-por-alza-del-precio-base-de-los-planes-de-salud-de-isapres\/\">Leer m\u00e1s<\/a><\/p>\n","protected":false},"author":2,"featured_media":38658,"comment_status":"closed","ping_status":"closed","sticky":false,"template":"","format":"standard","meta":{"footnotes":""},"categories":[1],"tags":[],"class_list":["post-38657","post","type-post","status-publish","format-standard","has-post-thumbnail","hentry","category-cronica"],"_links":{"self":[{"href":"https:\/\/www.radiopresidenteibanez.cl\/web\/wp-json\/wp\/v2\/posts\/38657","targetHints":{"allow":["GET"]}}],"collection":[{"href":"https:\/\/www.radiopresidenteibanez.cl\/web\/wp-json\/wp\/v2\/posts"}],"about":[{"href":"https:\/\/www.radiopresidenteibanez.cl\/web\/wp-json\/wp\/v2\/types\/post"}],"author":[{"embeddable":true,"href":"https:\/\/www.radiopresidenteibanez.cl\/web\/wp-json\/wp\/v2\/users\/2"}],"replies":[{"embeddable":true,"href":"https:\/\/www.radiopresidenteibanez.cl\/web\/wp-json\/wp\/v2\/comments?post=38657"}],"version-history":[{"count":0,"href":"https:\/\/www.radiopresidenteibanez.cl\/web\/wp-json\/wp\/v2\/posts\/38657\/revisions"}],"wp:featuredmedia":[{"embeddable":true,"href":"https:\/\/www.radiopresidenteibanez.cl\/web\/wp-json\/wp\/v2\/media\/38658"}],"wp:attachment":[{"href":"https:\/\/www.radiopresidenteibanez.cl\/web\/wp-json\/wp\/v2\/media?parent=38657"}],"wp:term":[{"taxonomy":"category","embeddable":true,"href":"https:\/\/www.radiopresidenteibanez.cl\/web\/wp-json\/wp\/v2\/categories?post=38657"},{"taxonomy":"post_tag","embeddable":true,"href":"https:\/\/www.radiopresidenteibanez.cl\/web\/wp-json\/wp\/v2\/tags?post=38657"}],"curies":[{"name":"wp","href":"https:\/\/api.w.org\/{rel}","templated":true}]}}