{"id":38654,"date":"2023-04-03T15:45:37","date_gmt":"2023-04-03T18:45:37","guid":{"rendered":"https:\/\/www.radiopresidenteibanez.cl\/web\/?p=38654"},"modified":"2023-04-03T15:45:45","modified_gmt":"2023-04-03T18:45:45","slug":"seremi-mop-y-directora-regional-dga-inspeccionan-captacion-de-laguna-parrillar-junto-a-aguas-magallanes","status":"publish","type":"post","link":"https:\/\/www.radiopresidenteibanez.cl\/web\/seremi-mop-y-directora-regional-dga-inspeccionan-captacion-de-laguna-parrillar-junto-a-aguas-magallanes\/","title":{"rendered":"Seremi MOP y Directora regional DGA inspeccionan captaci\u00f3n de Laguna Parrillar junto a Aguas Magallanes"},"content":{"rendered":"\n<p>La Seremi de Obras P\u00fablicas, Dahi\u00e1n Oyarz\u00fan, y la Directora Regional<br>de la Direcci\u00f3n General de Aguas (DGA), Lorena Olivares, realizaron una<br>visita inspectiva a la Captaci\u00f3n de Laguna Parrillar, con el objetivo de<br>conocer en terreno el funcionamiento de la fuente principal de agua<br>potable de Punta Arenas.<br>Las autoridades del Ministerio de Obras P\u00fablicas, realizaron un recorrido<br>por las instalaciones junto al Gerente Regional de Aguas Magallanes,<br>Christian Adema y al Subgerente de Operaciones, Job Contreras.<br>Tras la visita, la Seremi MOP manifest\u00f3 que \u201cen el marco del Mes del<br>Agua, hemos conocido la infraestructura que poseen en este sector y las<br>obras de mejoramientos que se est\u00e1n realizando a fin de entregar un<br>mejor servicio de distribuci\u00f3n de agua potable para la ciudad\u201d.<br>Por su parte, el Gerente Regional de Aguas Magallanes, manifest\u00f3 que<br>\u201cestamos muy contentos de mostrar al Ministerio de Obras P\u00fablicas cu\u00e1l<br>es la realidad del abastecimiento de agua potable de Punta Arenas, ver<br>las condiciones en las que estamos operando y difundir lo que hacemos<br>y lo dif\u00edcil que es llevar el agua hasta Punta Arenas\u201d.<br>\u201cEs muy f\u00e1cil abrir una ca\u00f1er\u00eda a cualquier hora del d\u00eda y el agua sale y<br>s\u00f3lo nos damos cuenta cuando falta, cuando no tenemos esa agua, pero<br>Aguas Magallanes est\u00e1 garantizando el servicio, a pesar de la tremenda<br>sequ\u00eda que tenemos en la regi\u00f3n\u201d, a\u00f1adi\u00f3 Adema.<br>Finalmente, la Directora Regional de la DGA del Ministerio de Obras<br>P\u00fablicas, Lorena Olivares, destac\u00f3 que la visita se enmarc\u00f3 en una serie<br>de actividades que se encuentran realizando en el marco del Mes del<br>Agua, junto con diferentes capacitaciones a usuarios y usuarias sobre el<br>C\u00f3digo de Aguas, tramitaci\u00f3n de solicitudes de derecho de<br>aprovechamiento de aguas y los procesos de fiscalizaci\u00f3n, entre otras<br>tem\u00e1ticas fundamentales para el cuidado del recurso h\u00eddrico.<\/p>\n","protected":false},"excerpt":{"rendered":"<p>La Seremi de Obras P\u00fablicas, Dahi\u00e1n Oyarz\u00fan, y la Directora Regionalde la Direcci\u00f3n General de Aguas (DGA), Lorena Olivares, realizaron unavisita inspectiva a la Captaci\u00f3n de Laguna Parrillar, con el&#8230; <a class=\"read-more\" href=\"https:\/\/www.radiopresidenteibanez.cl\/web\/seremi-mop-y-directora-regional-dga-inspeccionan-captacion-de-laguna-parrillar-junto-a-aguas-magallanes\/\">Leer m\u00e1s<\/a><\/p>\n","protected":false},"author":2,"featured_media":38655,"comment_status":"closed","ping_status":"closed","sticky":false,"template":"","format":"standard","meta":{"footnotes":""},"categories":[1],"tags":[],"class_list":["post-38654","post","type-post","status-publish","format-standard","has-post-thumbnail","hentry","category-cronica"],"_links":{"self":[{"href":"https:\/\/www.radiopresidenteibanez.cl\/web\/wp-json\/wp\/v2\/posts\/38654","targetHints":{"allow":["GET"]}}],"collection":[{"href":"https:\/\/www.radiopresidenteibanez.cl\/web\/wp-json\/wp\/v2\/posts"}],"about":[{"href":"https:\/\/www.radiopresidenteibanez.cl\/web\/wp-json\/wp\/v2\/types\/post"}],"author":[{"embeddable":true,"href":"https:\/\/www.radiopresidenteibanez.cl\/web\/wp-json\/wp\/v2\/users\/2"}],"replies":[{"embeddable":true,"href":"https:\/\/www.radiopresidenteibanez.cl\/web\/wp-json\/wp\/v2\/comments?post=38654"}],"version-history":[{"count":0,"href":"https:\/\/www.radiopresidenteibanez.cl\/web\/wp-json\/wp\/v2\/posts\/38654\/revisions"}],"wp:featuredmedia":[{"embeddable":true,"href":"https:\/\/www.radiopresidenteibanez.cl\/web\/wp-json\/wp\/v2\/media\/38655"}],"wp:attachment":[{"href":"https:\/\/www.radiopresidenteibanez.cl\/web\/wp-json\/wp\/v2\/media?parent=38654"}],"wp:term":[{"taxonomy":"category","embeddable":true,"href":"https:\/\/www.radiopresidenteibanez.cl\/web\/wp-json\/wp\/v2\/categories?post=38654"},{"taxonomy":"post_tag","embeddable":true,"href":"https:\/\/www.radiopresidenteibanez.cl\/web\/wp-json\/wp\/v2\/tags?post=38654"}],"curies":[{"name":"wp","href":"https:\/\/api.w.org\/{rel}","templated":true}]}}