{"id":38648,"date":"2023-04-03T12:47:00","date_gmt":"2023-04-03T15:47:00","guid":{"rendered":"https:\/\/www.radiopresidenteibanez.cl\/web\/?p=38648"},"modified":"2023-04-03T09:51:30","modified_gmt":"2023-04-03T12:51:30","slug":"en-esta-operacion-renta-2023-se-aplicara-por-primera-vez-el-procedimiento-de-retencion-para-las-y-los-deudores-de-pensiones-de-alimentos","status":"publish","type":"post","link":"https:\/\/www.radiopresidenteibanez.cl\/web\/en-esta-operacion-renta-2023-se-aplicara-por-primera-vez-el-procedimiento-de-retencion-para-las-y-los-deudores-de-pensiones-de-alimentos\/","title":{"rendered":"En esta Operaci\u00f3n Renta 2023 se aplicar\u00e1 por primera vez el procedimiento de retenci\u00f3n para las y los deudores de pensiones de alimentos"},"content":{"rendered":"\n<p>En esta Operaci\u00f3n Renta 2023 se aplicar\u00e1 por primera vez el procedimiento de<br>retenci\u00f3n para las y los deudores de pensiones de alimentos, de acuerdo con lo<br>establecido en la Ley 21.389, que crea el Registro Nacional de Deudores\/as de<br>Pensi\u00f3n de Alimentos.<br>Este es una n\u00f3mina digital que administra el Servicio de Registro Civil e<br>Identificaci\u00f3n y que de acuerdo con la citada Ley debe ser consultado por la TGR<br>antes de proceder a la devoluci\u00f3n de renta.<br>El Seremi de Hacienda, Christian Gallardo Castro, indico: \u201cA quienes son<br>deudores de pensiones de alimentos, se les realizara la retenci\u00f3n de la<br>solicitud de devoluci\u00f3n de impuestos, medida que se aplicar\u00e1 por primera<br>vez, de acuerdo con lo establecido en la Ley 21.389, que crea el Registro<br>Nacional de Deudores\/as de Pensi\u00f3n de Alimentos y se instruir\u00e1 el pago de<br>la suma retenida a la madre, padre, tutora o tutor del\/la menor de edad\u201d<br>Explic\u00f3 que este es un registro digital que administra el Servicio de Registro Civil e<br>Identificaci\u00f3n, que, de acuerdo con la citada Ley, debe ser consultado por Tesorer\u00eda<br>General de la Rep\u00fablica (TGR) antes de proceder a la devoluci\u00f3n de renta.<br>Operaci\u00f3n Renta 2023<br>Ya est\u00e1 disponible, en el sitio del SII, la propuesta de Declaraci\u00f3n de Renta que el<br>Servicio construy\u00f3 para los contribuyentes (personas y empresas) de Magallanes,<br>para que puedan revisarla, verificar que la informaci\u00f3n es correcta y, si es as\u00ed,<br>aceptar y enviar el formulario a partir de ayer s\u00e1bado 1 de abril, fecha en que se<br>inici\u00f3 el periodo de Declaraci\u00f3n de Renta 2023.<br>El Seremi de Hacienda, hizo un llamado a los contribuyentes a que se tomen el<br>tiempo necesario para revisar su propuesta de declaraci\u00f3n en detalle. \u201csi hay<br>alguna inconsistencia, deben comunicarse con la entidad informante,<br>respectiva, si tienen rentas o ingresos no informados deben complementar la<br>propuesta y si la informaci\u00f3n es correcta, solo deben aceptar y enviar la<br>declaraci\u00f3n\u201d, precis\u00f3.<\/p>\n","protected":false},"excerpt":{"rendered":"<p>En esta Operaci\u00f3n Renta 2023 se aplicar\u00e1 por primera vez el procedimiento deretenci\u00f3n para las y los deudores de pensiones de alimentos, de acuerdo con loestablecido en la Ley 21.389,&#8230; <a class=\"read-more\" href=\"https:\/\/www.radiopresidenteibanez.cl\/web\/en-esta-operacion-renta-2023-se-aplicara-por-primera-vez-el-procedimiento-de-retencion-para-las-y-los-deudores-de-pensiones-de-alimentos\/\">Leer m\u00e1s<\/a><\/p>\n","protected":false},"author":2,"featured_media":38649,"comment_status":"closed","ping_status":"closed","sticky":false,"template":"","format":"standard","meta":{"footnotes":""},"categories":[1],"tags":[],"class_list":["post-38648","post","type-post","status-publish","format-standard","has-post-thumbnail","hentry","category-cronica"],"_links":{"self":[{"href":"https:\/\/www.radiopresidenteibanez.cl\/web\/wp-json\/wp\/v2\/posts\/38648","targetHints":{"allow":["GET"]}}],"collection":[{"href":"https:\/\/www.radiopresidenteibanez.cl\/web\/wp-json\/wp\/v2\/posts"}],"about":[{"href":"https:\/\/www.radiopresidenteibanez.cl\/web\/wp-json\/wp\/v2\/types\/post"}],"author":[{"embeddable":true,"href":"https:\/\/www.radiopresidenteibanez.cl\/web\/wp-json\/wp\/v2\/users\/2"}],"replies":[{"embeddable":true,"href":"https:\/\/www.radiopresidenteibanez.cl\/web\/wp-json\/wp\/v2\/comments?post=38648"}],"version-history":[{"count":0,"href":"https:\/\/www.radiopresidenteibanez.cl\/web\/wp-json\/wp\/v2\/posts\/38648\/revisions"}],"wp:featuredmedia":[{"embeddable":true,"href":"https:\/\/www.radiopresidenteibanez.cl\/web\/wp-json\/wp\/v2\/media\/38649"}],"wp:attachment":[{"href":"https:\/\/www.radiopresidenteibanez.cl\/web\/wp-json\/wp\/v2\/media?parent=38648"}],"wp:term":[{"taxonomy":"category","embeddable":true,"href":"https:\/\/www.radiopresidenteibanez.cl\/web\/wp-json\/wp\/v2\/categories?post=38648"},{"taxonomy":"post_tag","embeddable":true,"href":"https:\/\/www.radiopresidenteibanez.cl\/web\/wp-json\/wp\/v2\/tags?post=38648"}],"curies":[{"name":"wp","href":"https:\/\/api.w.org\/{rel}","templated":true}]}}