{"id":38645,"date":"2023-04-03T11:50:00","date_gmt":"2023-04-03T14:50:00","guid":{"rendered":"https:\/\/www.radiopresidenteibanez.cl\/web\/?p=38645"},"modified":"2023-04-03T09:38:03","modified_gmt":"2023-04-03T12:38:03","slug":"autoridades-regionales-aseguran-que-proyecto-de-leydel-royalty-minero-incrementara-aun-mas-recursos-para-magallanes","status":"publish","type":"post","link":"https:\/\/www.radiopresidenteibanez.cl\/web\/autoridades-regionales-aseguran-que-proyecto-de-leydel-royalty-minero-incrementara-aun-mas-recursos-para-magallanes\/","title":{"rendered":"Autoridades regionales aseguran que Proyecto de Leydel Royalty Minero incrementar\u00e1 a\u00fan m\u00e1s recursos para Magallanes"},"content":{"rendered":"\n<p>La iniciativa legislativa, que modifica la escala de tasas para aplicar el impuesto en<br>funci\u00f3n del margen operacional de mineras que produzcan m\u00e1s de 50.000 toneladas de<br>cobre, ingres\u00f3 al Congreso en septiembre del 2018. En mayo del 2021 fue aprobada<br>por los diputados y despachada al Senado para su segundo tr\u00e1mite constitucional. La<br>Comisi\u00f3n de Hacienda comenz\u00f3 la semana pasada la revisi\u00f3n del texto, para luego<br>despacharlo a votaci\u00f3n en Sala.<br>La aprobaci\u00f3n del royalty promover\u00e1 la descentralizaci\u00f3n para diversas comunas y no<br>s\u00f3lo las que cuentan con faenas mineras. Esto porque permitir\u00e1 aumentar la<br>participaci\u00f3n del Estado en las rentas del cobre, de lo cual el 35% de lo recaudado, es<br>decir unos US$450 millones, se destinar\u00e1 directamente a fondos creados por ley a<br>beneficio de los gobiernos regionales y municipales.<br>El seremi de Gobierno, Andro Mimica, recalc\u00f3 al respecto: \u201cFinalmente que lo que<br>nosotros buscamos impulsar como Gobierno, es mejorarle la calidad de vida a los<br>chilenos y las chilenas. Estos recursos ir\u00e1n directamente a las distintas regiones del<br>pa\u00eds y ser\u00e1 cargado a las grandes empresas dedicadas a la miner\u00eda\u201d.<br>\u201cEsto es un tremendo avance en la descentralizaci\u00f3n, una acci\u00f3n m\u00e1s dentro de la<br>agenda robusta que tenemos. Y es precisamente inyectar con m\u00e1s recursos a los<br>fondos de las instituciones que est\u00e1n presentes en nuestro territorio, a los municipios y<br>al Gobierno Regional, aumentando as\u00ed los fondo que tienen\u201d, asegur\u00f3 la jefa de Unidad<br>Regional de la Subsecretaria de Desarrollo Regional y Administrativo, Daniella<br>Panicucci.<br>El seremi de Miner\u00eda, Juan Montecinos, al respecto, explic\u00f3 que las ganancias \u201cdel<br>material que es sacado de la tierra y es de todos los chilenos, y que es llevado por las<br>transnacionales y por las compa\u00f1\u00edas mineras a distintos sectores del mundo, no queda<\/p>\n\n\n\n<p>en territorio nacional o ingresa en una cantidad insuficientes en los aportes de las<br>arcas fiscales. Para evitar eso, el Royalty lo que pretende justamente es aumentar la<br>recaudaci\u00f3n en un 0,6% del PIB, y que este pueda ser distribuido tanto a un nuevo<br>fondo de inversi\u00f3n en el gobierno regional, as\u00ed como al fondo municipal\u201d<br>Adem\u00e1s, el Gobierno presentar\u00e1 una Ley de Rentas Regionales cuyo objetivo ser\u00e1<br>dotar a los gobiernos regionales de mayor autonom\u00eda, capacidad de generar ingresos<br>propios, y transparencia en la gesti\u00f3n de los recursos. \u00abLo que tratamos de hacer con<br>ambos proyectos es tener una normativa equilibrada en t\u00e9rminos de entregar m\u00e1s<br>recursos y m\u00e1s flexibilidad, a cambio de mayor responsabilidad en el manejo de los<br>mismos, en beneficio del desarrollo de las regiones\u201d, enfatiz\u00f3 el ministro de Hacienda,<br>Mario Marcel.<\/p>\n","protected":false},"excerpt":{"rendered":"<p>La iniciativa legislativa, que modifica la escala de tasas para aplicar el impuesto enfunci\u00f3n del margen operacional de mineras que produzcan m\u00e1s de 50.000 toneladas decobre, ingres\u00f3 al Congreso en&#8230; <a class=\"read-more\" href=\"https:\/\/www.radiopresidenteibanez.cl\/web\/autoridades-regionales-aseguran-que-proyecto-de-leydel-royalty-minero-incrementara-aun-mas-recursos-para-magallanes\/\">Leer m\u00e1s<\/a><\/p>\n","protected":false},"author":2,"featured_media":38646,"comment_status":"closed","ping_status":"closed","sticky":false,"template":"","format":"standard","meta":{"footnotes":""},"categories":[1],"tags":[],"class_list":["post-38645","post","type-post","status-publish","format-standard","has-post-thumbnail","hentry","category-cronica"],"_links":{"self":[{"href":"https:\/\/www.radiopresidenteibanez.cl\/web\/wp-json\/wp\/v2\/posts\/38645","targetHints":{"allow":["GET"]}}],"collection":[{"href":"https:\/\/www.radiopresidenteibanez.cl\/web\/wp-json\/wp\/v2\/posts"}],"about":[{"href":"https:\/\/www.radiopresidenteibanez.cl\/web\/wp-json\/wp\/v2\/types\/post"}],"author":[{"embeddable":true,"href":"https:\/\/www.radiopresidenteibanez.cl\/web\/wp-json\/wp\/v2\/users\/2"}],"replies":[{"embeddable":true,"href":"https:\/\/www.radiopresidenteibanez.cl\/web\/wp-json\/wp\/v2\/comments?post=38645"}],"version-history":[{"count":0,"href":"https:\/\/www.radiopresidenteibanez.cl\/web\/wp-json\/wp\/v2\/posts\/38645\/revisions"}],"wp:featuredmedia":[{"embeddable":true,"href":"https:\/\/www.radiopresidenteibanez.cl\/web\/wp-json\/wp\/v2\/media\/38646"}],"wp:attachment":[{"href":"https:\/\/www.radiopresidenteibanez.cl\/web\/wp-json\/wp\/v2\/media?parent=38645"}],"wp:term":[{"taxonomy":"category","embeddable":true,"href":"https:\/\/www.radiopresidenteibanez.cl\/web\/wp-json\/wp\/v2\/categories?post=38645"},{"taxonomy":"post_tag","embeddable":true,"href":"https:\/\/www.radiopresidenteibanez.cl\/web\/wp-json\/wp\/v2\/tags?post=38645"}],"curies":[{"name":"wp","href":"https:\/\/api.w.org\/{rel}","templated":true}]}}