{"id":38642,"date":"2023-04-03T10:32:00","date_gmt":"2023-04-03T13:32:00","guid":{"rendered":"https:\/\/www.radiopresidenteibanez.cl\/web\/?p=38642"},"modified":"2023-04-03T08:33:39","modified_gmt":"2023-04-03T11:33:39","slug":"seremi-de-ciencia-veronica-vallejos-destaca-iniciativas-ministeriales","status":"publish","type":"post","link":"https:\/\/www.radiopresidenteibanez.cl\/web\/seremi-de-ciencia-veronica-vallejos-destaca-iniciativas-ministeriales\/","title":{"rendered":"Seremi de Ciencia Ver\u00f3nica Vallejos destaca iniciativas ministeriales"},"content":{"rendered":"\n<p>Diversas son las iniciativas que el Ministerio de Ciencia, Tecnolog\u00eda, Conocimiento e Innovaci\u00f3n (CTCI) ha impulsado para continuar fortaleciendo el sistema cient\u00edfico a nivel nacional, as\u00ed lo indic\u00f3 la seremi de la cartera, Ver\u00f3nica Vallejos, quien destaca el compromiso adquirido para cerrar las brechas de g\u00e9nero, poner a disposici\u00f3n el conocimiento para afrontar desastres socio-ambientales y acercar la ciencia a la comunidad.<\/p>\n\n\n\n<p>\u201cEl presidente Boric nos ha encomendado la tarea de democratizar el conocimiento, esto quiere decir entregarle a la ciudadan\u00eda los saberes necesarios para que puedan tomar decisiones de manera informada. Para lograr con este mandato, el Programa Ciencia P\u00fablica juega un rol fundamental\u201d, indic\u00f3 la autoridad regional, quien destac\u00f3 el concurso nacional de Ciencia P\u00fablica que este a\u00f1o entreg\u00f3 un monto de m\u00e1s de 1.300 millones de pesos para la ejecuci\u00f3n de 47 proyectos.<\/p>\n\n\n\n<p>\u201cLas iniciativas adjudicadas buscan promover la generaci\u00f3n y divulgaci\u00f3n de la ciencia en espacios p\u00fablicos y proyectos comunitarios a trav\u00e9s de proyectos de diferentes registros y formatos, que permitan la generaci\u00f3n de experiencias entre la comunidad y los y las investigadores. Del total de proyectos adjudicados a lo largo del pa\u00eds m\u00e1s de la mitad tienen a una mujer como directora, y tres iniciativas son de nuestra macrozona, dos de la regi\u00f3n de Magallanes y de la Ant\u00e1rtica Chilena y una de Ays\u00e9n\u201d.<\/p>\n\n\n\n<p>A los concursos se suman el Festival de la Ciencia (FECI), que en octubre de 2022 organiz\u00f3 actividades a lo largo del pa\u00eds invitando a las personas a acercarse, asombrarse, apropiarse y disfrutar de los temas y fen\u00f3menos relacionados a la CTCI. Adem\u00e1s, durante la \u00e9poca estival, Ciencia P\u00fablica se acerc\u00f3 a las macrozonas realizando actividades donde se abordaron temas relativos a los conocimientos y la salud, de manera l\u00fadica e interactiva, con especial \u00e9nfasis en la nutrici\u00f3n y la promoci\u00f3n de una vida saludable.<\/p>\n\n\n\n<p>Tambi\u00e9n se han realizado acciones para cerrar las brechas en g\u00e9nero. Aqu\u00ed destaca la creaci\u00f3n de la Red de Mentoras, que integra el enfoque feminista y que est\u00e1 orientado a la participaci\u00f3n de mujeres asociadas a investigaciones dentro de las \u00e1reas de ciencias sociales, artes y humanidades, principalmente. Vallejos indic\u00f3 que esta iniciativa considera una mirada descentralizadora, potenciando la colaboraci\u00f3n y la solidaridad entre pares por sobre la competencia, el respeto a la diversidad y a los derechos humanos. \u201cEstamos trabajando por equiparar la cancha y para ello estamos entregando herramientas a las mujeres para empoderarlas en su \u00e1mbito profesional. Adem\u00e1s, destaco este programa porque es parte del sello Chile para Todas\u201d.<\/p>\n\n\n\n<p>En noviembre del 2022 se cre\u00f3 la \u201cPrimera Mesa Tecnolog\u00eda Chilena\u201d, que busca fomentar el uso, desarrollo y fabricaci\u00f3n de tecnolog\u00eda de nuestro pa\u00eds, y as\u00ed posicionarlo en la opini\u00f3n p\u00fablica, de modo que sea una opci\u00f3n concreta frente a las necesidades productivas de la econom\u00eda local e internacional. La instancia agrupa a asociaciones gremiales con 300 empresas a nivel nacional que buscan convertir la industria tecnol\u00f3gica nacional en un pilar del desarrollo.<\/p>\n\n\n\n<p>Con la finalidad de apoyar a las regiones afectadas por los incendios forestales del \u00faltimo verano, el MinCiencia potenci\u00f3 la creaci\u00f3n de la Mesa de Ciencia y Conocimiento para la recuperaci\u00f3n tras incendios forestales. \u201cEste espacio de democratizaci\u00f3n del conocimiento permitir\u00e1 que centros de investigaci\u00f3n con financiamiento estatal entreguen una perspectiva integral y de anticipaci\u00f3n a conflictos socio-ambientales. Est\u00e1 orientado a construir pol\u00edticas p\u00fablicas frente a las consecuencias de los incendios y tambi\u00e9n ante otros desastres socio-ambientales que enfrenta nuestro pa\u00eds\u201d, concluy\u00f3 la seremi Vallejos.<\/p>\n","protected":false},"excerpt":{"rendered":"<p>Diversas son las iniciativas que el Ministerio de Ciencia, Tecnolog\u00eda, Conocimiento e Innovaci\u00f3n (CTCI) ha impulsado para continuar fortaleciendo el sistema cient\u00edfico a nivel nacional, as\u00ed lo indic\u00f3 la seremi&#8230; <a class=\"read-more\" href=\"https:\/\/www.radiopresidenteibanez.cl\/web\/seremi-de-ciencia-veronica-vallejos-destaca-iniciativas-ministeriales\/\">Leer m\u00e1s<\/a><\/p>\n","protected":false},"author":2,"featured_media":38643,"comment_status":"closed","ping_status":"closed","sticky":false,"template":"","format":"standard","meta":{"footnotes":""},"categories":[1],"tags":[],"class_list":["post-38642","post","type-post","status-publish","format-standard","has-post-thumbnail","hentry","category-cronica"],"_links":{"self":[{"href":"https:\/\/www.radiopresidenteibanez.cl\/web\/wp-json\/wp\/v2\/posts\/38642","targetHints":{"allow":["GET"]}}],"collection":[{"href":"https:\/\/www.radiopresidenteibanez.cl\/web\/wp-json\/wp\/v2\/posts"}],"about":[{"href":"https:\/\/www.radiopresidenteibanez.cl\/web\/wp-json\/wp\/v2\/types\/post"}],"author":[{"embeddable":true,"href":"https:\/\/www.radiopresidenteibanez.cl\/web\/wp-json\/wp\/v2\/users\/2"}],"replies":[{"embeddable":true,"href":"https:\/\/www.radiopresidenteibanez.cl\/web\/wp-json\/wp\/v2\/comments?post=38642"}],"version-history":[{"count":0,"href":"https:\/\/www.radiopresidenteibanez.cl\/web\/wp-json\/wp\/v2\/posts\/38642\/revisions"}],"wp:featuredmedia":[{"embeddable":true,"href":"https:\/\/www.radiopresidenteibanez.cl\/web\/wp-json\/wp\/v2\/media\/38643"}],"wp:attachment":[{"href":"https:\/\/www.radiopresidenteibanez.cl\/web\/wp-json\/wp\/v2\/media?parent=38642"}],"wp:term":[{"taxonomy":"category","embeddable":true,"href":"https:\/\/www.radiopresidenteibanez.cl\/web\/wp-json\/wp\/v2\/categories?post=38642"},{"taxonomy":"post_tag","embeddable":true,"href":"https:\/\/www.radiopresidenteibanez.cl\/web\/wp-json\/wp\/v2\/tags?post=38642"}],"curies":[{"name":"wp","href":"https:\/\/api.w.org\/{rel}","templated":true}]}}