{"id":38639,"date":"2023-04-03T09:23:00","date_gmt":"2023-04-03T12:23:00","guid":{"rendered":"https:\/\/www.radiopresidenteibanez.cl\/web\/?p=38639"},"modified":"2023-04-03T08:26:02","modified_gmt":"2023-04-03T11:26:02","slug":"nueva-direccion-de-la-escuela-padre-alberto-hurtado-se-informa-del-proceso-de-traspaso-a-la-nueva-educacion-publica","status":"publish","type":"post","link":"https:\/\/www.radiopresidenteibanez.cl\/web\/nueva-direccion-de-la-escuela-padre-alberto-hurtado-se-informa-del-proceso-de-traspaso-a-la-nueva-educacion-publica\/","title":{"rendered":"NUEVA DIRECCI\u00d3N DE LA ESCUELA PADRE ALBERTO HURTADO SE INFORMA DEL PROCESO DE TRASPASO A LA NUEVA EDUCACI\u00d3N P\u00daBLICA\u00a0"},"content":{"rendered":"\n<p>Con amplia experiencia tanto en la regi\u00f3n como en la zona norte, el nuevo director de la Escuela Padre Alberto Hurtado de Punta Arenas, Cristian D\u00edaz Miranda, recibi\u00f3 al equipo de profesionales del Servicio Local de Educci\u00f3n P\u00fablica de Magallanes, para aclarar dudas respecto al proceso de traspaso al SLEP.&nbsp;<\/p>\n\n\n\n<p>En la cita, estuvieron presentes los docentes que conforman el equipo directivo, y con quienes Cristian D\u00edaz inicia tambi\u00e9n su trabajo en este nuevo a\u00f1o escolar. D\u00edaz fue elegido por Alta Direcci\u00f3n P\u00fablica, cargo que ostentar\u00e1 por 5 a\u00f1os, por lo que ser\u00e1 uno de los directivos que formar\u00e1 parte de la planta de funcionarios del Servicio Local, a partir del 1 de enero de 2024.&nbsp;<\/p>\n\n\n\n<p>\u201cEs super importante que nos reunamos con quien ser\u00e1 el nuevo sostenedor y estoy muy agradecido de poder tener estos espacios en que se nos permita ir saliendo de aquellas dudas que todos tenemos en relaci\u00f3n a este proceso en particular. Tengo mucha fe y esperanza en que tambi\u00e9n los servicios locales permitir\u00e1n que el servicio educativo mejore en funci\u00f3n de los estudiantes y que se traducir\u00e1 en el mejoramiento de la educaci\u00f3n p\u00fablica\u201d, recalc\u00f3&nbsp;<strong>Cristian D\u00edaz<\/strong>.&nbsp;<\/p>\n\n\n\n<p>Por su parte,&nbsp;<strong>Mario Garc\u00eda Mart\u00ednez<\/strong>,&nbsp;<strong>director ejecutivo del SLEP Magallanes<\/strong>&nbsp;valor\u00f3 la llegada de un nuevo director que potenciar\u00e1 el trabajo en este nuevo a\u00f1o. \u201cLlegamos a informar, pero tambi\u00e9n a conocer a quien tendr\u00e1 la responsabilidad de dirigir esta escuela, un establecimiento que cuenta con alta matr\u00edcula y cuyo proyecto educativo est\u00e1 vinculado a la m\u00fasica. Con el pasar del tiempo, esta escuela ha ido consolidando ese proyecto educativo institucional basado en el desarrollo de una educaci\u00f3n de calidad para todos sus estudiantes, apoyados en la ense\u00f1anza y pr\u00e1ctica de la m\u00fasica y el legado de vida y obra del Padre Alberto Hurtado, lo que sin duda significar\u00e1 un aporte a la educaci\u00f3n p\u00fablica de la regi\u00f3n y del SLEP\u201d.&nbsp;<\/p>\n\n\n\n<p>La Escuela Padre Alberto Hurtado fue creada en 1995 y desde 2002 pusieron en marcha el proyecto musical con la primera orquesta de cuerdas que permiti\u00f3 apoyar a sus estudiantes.&nbsp;&nbsp;<\/p>\n","protected":false},"excerpt":{"rendered":"<p>Con amplia experiencia tanto en la regi\u00f3n como en la zona norte, el nuevo director de la Escuela Padre Alberto Hurtado de Punta Arenas, Cristian D\u00edaz Miranda, recibi\u00f3 al equipo&#8230; <a class=\"read-more\" href=\"https:\/\/www.radiopresidenteibanez.cl\/web\/nueva-direccion-de-la-escuela-padre-alberto-hurtado-se-informa-del-proceso-de-traspaso-a-la-nueva-educacion-publica\/\">Leer m\u00e1s<\/a><\/p>\n","protected":false},"author":2,"featured_media":38640,"comment_status":"closed","ping_status":"closed","sticky":false,"template":"","format":"standard","meta":{"footnotes":""},"categories":[1],"tags":[],"class_list":["post-38639","post","type-post","status-publish","format-standard","has-post-thumbnail","hentry","category-cronica"],"_links":{"self":[{"href":"https:\/\/www.radiopresidenteibanez.cl\/web\/wp-json\/wp\/v2\/posts\/38639","targetHints":{"allow":["GET"]}}],"collection":[{"href":"https:\/\/www.radiopresidenteibanez.cl\/web\/wp-json\/wp\/v2\/posts"}],"about":[{"href":"https:\/\/www.radiopresidenteibanez.cl\/web\/wp-json\/wp\/v2\/types\/post"}],"author":[{"embeddable":true,"href":"https:\/\/www.radiopresidenteibanez.cl\/web\/wp-json\/wp\/v2\/users\/2"}],"replies":[{"embeddable":true,"href":"https:\/\/www.radiopresidenteibanez.cl\/web\/wp-json\/wp\/v2\/comments?post=38639"}],"version-history":[{"count":0,"href":"https:\/\/www.radiopresidenteibanez.cl\/web\/wp-json\/wp\/v2\/posts\/38639\/revisions"}],"wp:featuredmedia":[{"embeddable":true,"href":"https:\/\/www.radiopresidenteibanez.cl\/web\/wp-json\/wp\/v2\/media\/38640"}],"wp:attachment":[{"href":"https:\/\/www.radiopresidenteibanez.cl\/web\/wp-json\/wp\/v2\/media?parent=38639"}],"wp:term":[{"taxonomy":"category","embeddable":true,"href":"https:\/\/www.radiopresidenteibanez.cl\/web\/wp-json\/wp\/v2\/categories?post=38639"},{"taxonomy":"post_tag","embeddable":true,"href":"https:\/\/www.radiopresidenteibanez.cl\/web\/wp-json\/wp\/v2\/tags?post=38639"}],"curies":[{"name":"wp","href":"https:\/\/api.w.org\/{rel}","templated":true}]}}