{"id":3863,"date":"2019-05-02T23:42:20","date_gmt":"2019-05-02T23:42:20","guid":{"rendered":"http:\/\/www.radiopresidenteibanez.cl\/web\/?p=3863"},"modified":"2019-05-02T23:42:53","modified_gmt":"2019-05-02T23:42:53","slug":"municipio-inaugura-renovada-plaza-23-de-enero-para-toda-la-comunidad","status":"publish","type":"post","link":"https:\/\/www.radiopresidenteibanez.cl\/web\/municipio-inaugura-renovada-plaza-23-de-enero-para-toda-la-comunidad\/","title":{"rendered":"MUNICIPIO INAUGURA RENOVADA PLAZA 23 DE ENERO PARA TODA LA COMUNIDAD"},"content":{"rendered":"\n<p>En el marco\ndel compromiso del Concejo Municipal con la recuperaci\u00f3n y restauraci\u00f3n de\nespacios p\u00fablicos, se realiz\u00f3 la reinauguraci\u00f3n de la plaza \u201c23 de enero\u201d, la\ncual recuerda los hechos sucedidos en el Frigor\u00edfico Bories el 23 de enero de\n1919. La inauguraci\u00f3n cont\u00f3 con la presencia del alcalde de la comuna, la\ngobernadora provincial de \u00daltima Esperanza e integrantes de la Agrupaci\u00f3n\nM\u00e1rtires \u201c23 de enero de 1919\u201d y el Centro de Estudios de \u00daltima Esperanza. <\/p>\n\n\n\n<p>La inauguraci\u00f3n\nde esta plaza, adem\u00e1s de la importancia hist\u00f3rica que tiene para Natales, &nbsp;es parte de un programa impulsado por la\ncomuna para recuperar y renovar espacios p\u00fablicos, transform\u00e1ndolos en un punto\nde encuentro de los vecinos de cada sector.<\/p>\n\n\n\n<p>El alcalde de\nNatales, Fernando Paredes Mansilla, agradeci\u00f3 el compromiso del Consejo\nRegional de Magallanes y todos los actores de gobierno para poder financiar\nesta plaza. \u201cPor cierto que en alg\u00fan momento ha habido controversia, pero me\nquedo con lo positivo, lo positivo es que ha sido en esta gesti\u00f3n, en este\nConcejo Municipal que hemos tenido la capacidad de hacer gestos que marcan la\nhistoria por un lado, pero tambi\u00e9n le hablan a la comunidad natalina de lo que\nsucedi\u00f3 100 a\u00f1os atr\u00e1s\u201d. El edil destac\u00f3 que este es el comienzo del\nmejoramiento de 14 plazas en Puerto Natales, recuperando la iluminaci\u00f3n de varios\nlugares en el segundo semestre del a\u00f1o. <\/p>\n\n\n\n<p>En la\nactividad, la gobernadora de la provincia de \u00daltima Esperanza, Ana Mayorga\nBahamonde, reconoci\u00f3 el trabajo del alcalde Fernando Paredes y el cuerpo de\nconcejales en rescatar el patrimonio hist\u00f3rico, tambi\u00e9n destac\u00f3 el trabajo que\nhan realizado las distintas agrupaciones locales. \u201cEst\u00e1n en el rescate de la\nhistoria de Puerto Natales, de la provincia de \u00daltima Esperanza y qu\u00e9 mejor que\neste monolito que recuerda los 100 a\u00f1os de los hechos del 23 de enero, donde\ntrabajadores y polic\u00edas perdieron la vida en un enfrentamiento, por lo tanto es\nimportante seguir rescatando los hechos hist\u00f3ricos\u201d. &nbsp;<\/p>\n\n\n\n<p>Para Benito\nRuiz, presidente de la agrupaci\u00f3n \u201cM\u00e1rtires 23 de enero\u201d esta inauguraci\u00f3n es\nmuy importante, ya que es parte de la historia de la ciudad. \u201cUn pueblo que no\nmira su pasado, dif\u00edcilmente puede mirar hacia el futuro. No podemos olvidar lo\nque aqu\u00ed pas\u00f3, aqu\u00ed pas\u00f3 algo muy grave, por ello era muy importante recuperar\neste sitio\u201d, sostuvo Ruiz.&nbsp;&nbsp; <\/p>\n\n\n\n<p>La trasformaci\u00f3n\nde esta plaza se enmarca en la conmemoraci\u00f3n a los 100 a\u00f1os de sucedidos los\nhechos, rescatando un lugar hist\u00f3rico y patrimonial de la provincia para\nmejorar y mantener en buenas condiciones esta plaza que tanto representa para\nlos natalinos.<\/p>\n\n\n\n<p>El proyecto fue financiado gracias a la postulaci\u00f3n por parte del municipio al Fondo Nacional de Desarrollo Regional (FNDR) del Gobierno Regional, entregando un espacio renovado a la comunidad local. <\/p>\n\n\n\n<figure class=\"wp-block-image\"><img loading=\"lazy\" decoding=\"async\" width=\"1024\" height=\"768\" src=\"https:\/\/www.radiopresidenteibanez.cl\/web\/wp-content\/uploads\/2019\/05\/IMG-04-23-DE-ENERO-1024x768.jpeg\" alt=\"\" class=\"wp-image-3864\" srcset=\"https:\/\/www.radiopresidenteibanez.cl\/web\/wp-content\/uploads\/2019\/05\/IMG-04-23-DE-ENERO-1024x768.jpeg 1024w, https:\/\/www.radiopresidenteibanez.cl\/web\/wp-content\/uploads\/2019\/05\/IMG-04-23-DE-ENERO-300x225.jpeg 300w, https:\/\/www.radiopresidenteibanez.cl\/web\/wp-content\/uploads\/2019\/05\/IMG-04-23-DE-ENERO-768x576.jpeg 768w, https:\/\/www.radiopresidenteibanez.cl\/web\/wp-content\/uploads\/2019\/05\/IMG-04-23-DE-ENERO.jpeg 1280w\" sizes=\"auto, (max-width: 1024px) 100vw, 1024px\" \/><\/figure>\n","protected":false},"excerpt":{"rendered":"<p>En el marco del compromiso del Concejo Municipal con la recuperaci\u00f3n y restauraci\u00f3n de espacios p\u00fablicos, se realiz\u00f3 la reinauguraci\u00f3n de la plaza \u201c23 de enero\u201d, la cual recuerda los&#8230; <a class=\"read-more\" href=\"https:\/\/www.radiopresidenteibanez.cl\/web\/municipio-inaugura-renovada-plaza-23-de-enero-para-toda-la-comunidad\/\">Leer m\u00e1s<\/a><\/p>\n","protected":false},"author":2,"featured_media":3864,"comment_status":"closed","ping_status":"closed","sticky":false,"template":"","format":"standard","meta":{"footnotes":""},"categories":[1],"tags":[],"class_list":["post-3863","post","type-post","status-publish","format-standard","has-post-thumbnail","hentry","category-cronica"],"_links":{"self":[{"href":"https:\/\/www.radiopresidenteibanez.cl\/web\/wp-json\/wp\/v2\/posts\/3863","targetHints":{"allow":["GET"]}}],"collection":[{"href":"https:\/\/www.radiopresidenteibanez.cl\/web\/wp-json\/wp\/v2\/posts"}],"about":[{"href":"https:\/\/www.radiopresidenteibanez.cl\/web\/wp-json\/wp\/v2\/types\/post"}],"author":[{"embeddable":true,"href":"https:\/\/www.radiopresidenteibanez.cl\/web\/wp-json\/wp\/v2\/users\/2"}],"replies":[{"embeddable":true,"href":"https:\/\/www.radiopresidenteibanez.cl\/web\/wp-json\/wp\/v2\/comments?post=3863"}],"version-history":[{"count":0,"href":"https:\/\/www.radiopresidenteibanez.cl\/web\/wp-json\/wp\/v2\/posts\/3863\/revisions"}],"wp:featuredmedia":[{"embeddable":true,"href":"https:\/\/www.radiopresidenteibanez.cl\/web\/wp-json\/wp\/v2\/media\/3864"}],"wp:attachment":[{"href":"https:\/\/www.radiopresidenteibanez.cl\/web\/wp-json\/wp\/v2\/media?parent=3863"}],"wp:term":[{"taxonomy":"category","embeddable":true,"href":"https:\/\/www.radiopresidenteibanez.cl\/web\/wp-json\/wp\/v2\/categories?post=3863"},{"taxonomy":"post_tag","embeddable":true,"href":"https:\/\/www.radiopresidenteibanez.cl\/web\/wp-json\/wp\/v2\/tags?post=3863"}],"curies":[{"name":"wp","href":"https:\/\/api.w.org\/{rel}","templated":true}]}}