{"id":38624,"date":"2023-04-02T11:06:03","date_gmt":"2023-04-02T14:06:03","guid":{"rendered":"https:\/\/www.radiopresidenteibanez.cl\/web\/?p=38624"},"modified":"2023-04-02T11:06:10","modified_gmt":"2023-04-02T14:06:10","slug":"paola-valenzuela-pino-es-la-nueva-directora-de-la-junji-magallanes","status":"publish","type":"post","link":"https:\/\/www.radiopresidenteibanez.cl\/web\/paola-valenzuela-pino-es-la-nueva-directora-de-la-junji-magallanes\/","title":{"rendered":"Paola Valenzuela Pino es la nueva directora de la JUNJI Magallanes"},"content":{"rendered":"\n<p>La educadora de p\u00e1rvulos Paola Valenzuela Pino asumi\u00f3 este jueves 30 de marzo de 2023 la Direcci\u00f3n Regional de la Junta Nacional de Jardines Infantiles (JUNJI) de Magallanes y de la Ant\u00e1rtica Chilena, tras ganar el concurso de Alta Direcci\u00f3n P\u00fablica (ADP) que fue celebrado para ocupar este importante cargo.<\/p>\n\n\n\n<p>La profesional fue directora regional de Fundaci\u00f3n Integra entre 2014 y 2018 y cumpli\u00f3 funciones acad\u00e9micas en la Universidad de Magallanes (UMAG). Es Mag\u00edster en Educaci\u00f3n, Menci\u00f3n Curr\u00edculo y Evaluaci\u00f3n, Basado en Competencias de la Universidad Miguel de Cervantes.<\/p>\n\n\n\n<p>La JUNJI Magallanes tiene seiscientas funcionarias y funcionarios y administra directamente 21 jardines infantiles; un establecimiento \u00e9tnico en Puerto Ed\u00e9n; el Programa Educativo para la Familia, Modalidad Comunicacional, con presencia tanto en lo urbano como lo rural; el Centro Educativo Cultural de Infancia (CECI) en la poblaci\u00f3n \u201cEl Ping\u00fcino\u201d de Punta Arenas y el Centro Interactivo Infantil de Juego y Movimiento (CIIJUM), tambi\u00e9n en la capital regional.<\/p>\n\n\n\n<p>Igualmente entrega recursos para el funcionamiento de jardines infantiles administrados por terceros, en distintas comunas de la regi\u00f3n, v\u00eda transferencia de fondos (VTF). Las oficinas de la Direcci\u00f3n Regional est\u00e1n en Jos\u00e9 Men\u00e9ndez 788, Punta Arenas.&nbsp;&nbsp;&nbsp;<\/p>\n\n\n\n<p>Paola Valenzuela dijo estar \u201cemocionada por sumarse a un equipo de trabajo muy bueno y profesional. He recibido muchos mensajes de cari\u00f1o y \u00e9xito. Tengo mucho que aprender y me pongo a disposici\u00f3n de los desaf\u00edos que tienen que ver con las ni\u00f1as y los ni\u00f1os, con la matr\u00edcula y la asistencia a los establecimientos. Cada jard\u00edn tiene maravillosos proyectos educativos. Me siento en familia y eso espero traducirlo en una buena gesti\u00f3n\u201d.<\/p>\n","protected":false},"excerpt":{"rendered":"<p>La educadora de p\u00e1rvulos Paola Valenzuela Pino asumi\u00f3 este jueves 30 de marzo de 2023 la Direcci\u00f3n Regional de la Junta Nacional de Jardines Infantiles (JUNJI) de Magallanes y de&#8230; <a class=\"read-more\" href=\"https:\/\/www.radiopresidenteibanez.cl\/web\/paola-valenzuela-pino-es-la-nueva-directora-de-la-junji-magallanes\/\">Leer m\u00e1s<\/a><\/p>\n","protected":false},"author":2,"featured_media":38625,"comment_status":"closed","ping_status":"closed","sticky":false,"template":"","format":"standard","meta":{"footnotes":""},"categories":[1],"tags":[],"class_list":["post-38624","post","type-post","status-publish","format-standard","has-post-thumbnail","hentry","category-cronica"],"_links":{"self":[{"href":"https:\/\/www.radiopresidenteibanez.cl\/web\/wp-json\/wp\/v2\/posts\/38624","targetHints":{"allow":["GET"]}}],"collection":[{"href":"https:\/\/www.radiopresidenteibanez.cl\/web\/wp-json\/wp\/v2\/posts"}],"about":[{"href":"https:\/\/www.radiopresidenteibanez.cl\/web\/wp-json\/wp\/v2\/types\/post"}],"author":[{"embeddable":true,"href":"https:\/\/www.radiopresidenteibanez.cl\/web\/wp-json\/wp\/v2\/users\/2"}],"replies":[{"embeddable":true,"href":"https:\/\/www.radiopresidenteibanez.cl\/web\/wp-json\/wp\/v2\/comments?post=38624"}],"version-history":[{"count":0,"href":"https:\/\/www.radiopresidenteibanez.cl\/web\/wp-json\/wp\/v2\/posts\/38624\/revisions"}],"wp:featuredmedia":[{"embeddable":true,"href":"https:\/\/www.radiopresidenteibanez.cl\/web\/wp-json\/wp\/v2\/media\/38625"}],"wp:attachment":[{"href":"https:\/\/www.radiopresidenteibanez.cl\/web\/wp-json\/wp\/v2\/media?parent=38624"}],"wp:term":[{"taxonomy":"category","embeddable":true,"href":"https:\/\/www.radiopresidenteibanez.cl\/web\/wp-json\/wp\/v2\/categories?post=38624"},{"taxonomy":"post_tag","embeddable":true,"href":"https:\/\/www.radiopresidenteibanez.cl\/web\/wp-json\/wp\/v2\/tags?post=38624"}],"curies":[{"name":"wp","href":"https:\/\/api.w.org\/{rel}","templated":true}]}}