{"id":38621,"date":"2023-04-01T15:08:00","date_gmt":"2023-04-01T18:08:00","guid":{"rendered":"https:\/\/www.radiopresidenteibanez.cl\/web\/?p=38621"},"modified":"2023-04-01T14:40:25","modified_gmt":"2023-04-01T17:40:25","slug":"tabsa-implementa-conectividad-gratuita-a-internet-en-ferries-de-primera-angostura","status":"publish","type":"post","link":"https:\/\/www.radiopresidenteibanez.cl\/web\/tabsa-implementa-conectividad-gratuita-a-internet-en-ferries-de-primera-angostura\/","title":{"rendered":"TABSA implementa conectividad gratuita a internet en ferries de Primera Angostura"},"content":{"rendered":"\n<p>Recientemente, y con el prop\u00f3sito de elevar los est\u00e1ndares de atenci\u00f3n a los usuarios, TABSA implement\u00f3 conectividad a internet gratuita, via wifi, en todas las embarcaciones que operan en Primera Angostura. La medida se complementa con la implementaci\u00f3n del mismo servicio en los terminales de Punta Delgada y Bah\u00eda Azul anteriormente.<\/p>\n\n\n\n<p>Desde la empresa se explic\u00f3 que los usuarios que lo deseen pueden conectase libremente a la red \u201cTABSA CLIENTES\u201d en el \u00e1rea de Primera Angostura y en los ferries, a trav\u00e9s de la cual podr\u00e1n navegar y utilizar redes sociales mediante computadores, tablet y celulares.<\/p>\n\n\n\n<p>Sebasti\u00e1n Timis, Jefe de Operaciones y Comercial de la empresa destac\u00f3 la implementaci\u00f3n de este servicio el que \u201ces parte de una serie de medidas que est\u00e1 realizando TABSA para elevar el est\u00e1ndar de servicio a nuestros clientes, tanto en las embarcaciones como en los terminales.\u201d<\/p>\n","protected":false},"excerpt":{"rendered":"<p>Recientemente, y con el prop\u00f3sito de elevar los est\u00e1ndares de atenci\u00f3n a los usuarios, TABSA implement\u00f3 conectividad a internet gratuita, via wifi, en todas las embarcaciones que operan en Primera&#8230; <a class=\"read-more\" href=\"https:\/\/www.radiopresidenteibanez.cl\/web\/tabsa-implementa-conectividad-gratuita-a-internet-en-ferries-de-primera-angostura\/\">Leer m\u00e1s<\/a><\/p>\n","protected":false},"author":2,"featured_media":38622,"comment_status":"closed","ping_status":"closed","sticky":false,"template":"","format":"standard","meta":{"footnotes":""},"categories":[1],"tags":[],"class_list":["post-38621","post","type-post","status-publish","format-standard","has-post-thumbnail","hentry","category-cronica"],"_links":{"self":[{"href":"https:\/\/www.radiopresidenteibanez.cl\/web\/wp-json\/wp\/v2\/posts\/38621","targetHints":{"allow":["GET"]}}],"collection":[{"href":"https:\/\/www.radiopresidenteibanez.cl\/web\/wp-json\/wp\/v2\/posts"}],"about":[{"href":"https:\/\/www.radiopresidenteibanez.cl\/web\/wp-json\/wp\/v2\/types\/post"}],"author":[{"embeddable":true,"href":"https:\/\/www.radiopresidenteibanez.cl\/web\/wp-json\/wp\/v2\/users\/2"}],"replies":[{"embeddable":true,"href":"https:\/\/www.radiopresidenteibanez.cl\/web\/wp-json\/wp\/v2\/comments?post=38621"}],"version-history":[{"count":0,"href":"https:\/\/www.radiopresidenteibanez.cl\/web\/wp-json\/wp\/v2\/posts\/38621\/revisions"}],"wp:featuredmedia":[{"embeddable":true,"href":"https:\/\/www.radiopresidenteibanez.cl\/web\/wp-json\/wp\/v2\/media\/38622"}],"wp:attachment":[{"href":"https:\/\/www.radiopresidenteibanez.cl\/web\/wp-json\/wp\/v2\/media?parent=38621"}],"wp:term":[{"taxonomy":"category","embeddable":true,"href":"https:\/\/www.radiopresidenteibanez.cl\/web\/wp-json\/wp\/v2\/categories?post=38621"},{"taxonomy":"post_tag","embeddable":true,"href":"https:\/\/www.radiopresidenteibanez.cl\/web\/wp-json\/wp\/v2\/tags?post=38621"}],"curies":[{"name":"wp","href":"https:\/\/api.w.org\/{rel}","templated":true}]}}