{"id":38618,"date":"2023-04-01T13:25:00","date_gmt":"2023-04-01T16:25:00","guid":{"rendered":"https:\/\/www.radiopresidenteibanez.cl\/web\/?p=38618"},"modified":"2023-04-01T09:55:01","modified_gmt":"2023-04-01T12:55:01","slug":"colaboracion-entre-instituciones-de-la-regionse-traduce-en-apoyo-a-labor-del-servicio-medico-legal","status":"publish","type":"post","link":"https:\/\/www.radiopresidenteibanez.cl\/web\/colaboracion-entre-instituciones-de-la-regionse-traduce-en-apoyo-a-labor-del-servicio-medico-legal\/","title":{"rendered":"COLABORACI\u00d3N ENTRE INSTITUCIONES DE LA REGI\u00d3NSE TRADUCE EN APOYO A LABOR DEL SERVICIO M\u00c9DICO LEGAL"},"content":{"rendered":"\n<p>Dentro de la creciente colaboraci\u00f3n interinstitucional generada a nivel regional entre la Secretar\u00eda<br>Regional Ministerial de Salud y el Servicio M\u00e9dico Legal (SML), este mes se gest\u00f3 una importante<br>donaci\u00f3n por parte de la autoridad sanitaria, consistente en una remesa de 1.580 buzos que<br>fueron ofrecidos al SML como elemento de protecci\u00f3n personal, para el desarrollo de sus distintas<br>tareas en terreno.<br>As\u00ed lo inform\u00f3 el Dr. Ren\u00e9 Castro Cid, Director Regional del organismo forense, quien agradeci\u00f3<br>este aporte material, el cual fue autorizado con el visto bueno de su Director Nacional, dadas sus<br>especificaciones t\u00e9cnicas para su uso acotado en algunos procedimientos. \u201cSe les denomina<br>overoles con capucha, para cubrir completamente a la persona y realizar distintos procedimientos<br>en terreno\u00bb, explic\u00f3.<br>El propio doctor Castro concurri\u00f3 hoy viernes en la ma\u00f1ana a hacer el retiro de estos implementos<br>de vestuario, junto al llenado de las actas, destacando que aquel aporte surge \u201cen el marco de la<br>cooperaci\u00f3n entre ambas instituciones y con el fin de dar buen uso a los recursos p\u00fablicos, dado<br>que la SEREMI de Salud tiene un stock importante de overoles que no podr\u00e1 utilizar, y que<br>distribuiremos poder hacer un buen uso de esos insumos\u201d. Al respecto, una parte de dichos buzos<br>quedar\u00e1 disponible en la sede regional del SML, en tanto el resto se enviar\u00e1 a Santiago para<br>puedan ser distribuidos y utilizados en su red forense a nivel nacional.<\/p>\n","protected":false},"excerpt":{"rendered":"<p>Dentro de la creciente colaboraci\u00f3n interinstitucional generada a nivel regional entre la Secretar\u00edaRegional Ministerial de Salud y el Servicio M\u00e9dico Legal (SML), este mes se gest\u00f3 una importantedonaci\u00f3n por parte&#8230; <a class=\"read-more\" href=\"https:\/\/www.radiopresidenteibanez.cl\/web\/colaboracion-entre-instituciones-de-la-regionse-traduce-en-apoyo-a-labor-del-servicio-medico-legal\/\">Leer m\u00e1s<\/a><\/p>\n","protected":false},"author":2,"featured_media":38619,"comment_status":"closed","ping_status":"closed","sticky":false,"template":"","format":"standard","meta":{"footnotes":""},"categories":[1],"tags":[],"class_list":["post-38618","post","type-post","status-publish","format-standard","has-post-thumbnail","hentry","category-cronica"],"_links":{"self":[{"href":"https:\/\/www.radiopresidenteibanez.cl\/web\/wp-json\/wp\/v2\/posts\/38618","targetHints":{"allow":["GET"]}}],"collection":[{"href":"https:\/\/www.radiopresidenteibanez.cl\/web\/wp-json\/wp\/v2\/posts"}],"about":[{"href":"https:\/\/www.radiopresidenteibanez.cl\/web\/wp-json\/wp\/v2\/types\/post"}],"author":[{"embeddable":true,"href":"https:\/\/www.radiopresidenteibanez.cl\/web\/wp-json\/wp\/v2\/users\/2"}],"replies":[{"embeddable":true,"href":"https:\/\/www.radiopresidenteibanez.cl\/web\/wp-json\/wp\/v2\/comments?post=38618"}],"version-history":[{"count":0,"href":"https:\/\/www.radiopresidenteibanez.cl\/web\/wp-json\/wp\/v2\/posts\/38618\/revisions"}],"wp:featuredmedia":[{"embeddable":true,"href":"https:\/\/www.radiopresidenteibanez.cl\/web\/wp-json\/wp\/v2\/media\/38619"}],"wp:attachment":[{"href":"https:\/\/www.radiopresidenteibanez.cl\/web\/wp-json\/wp\/v2\/media?parent=38618"}],"wp:term":[{"taxonomy":"category","embeddable":true,"href":"https:\/\/www.radiopresidenteibanez.cl\/web\/wp-json\/wp\/v2\/categories?post=38618"},{"taxonomy":"post_tag","embeddable":true,"href":"https:\/\/www.radiopresidenteibanez.cl\/web\/wp-json\/wp\/v2\/tags?post=38618"}],"curies":[{"name":"wp","href":"https:\/\/api.w.org\/{rel}","templated":true}]}}