{"id":38615,"date":"2023-04-01T12:05:00","date_gmt":"2023-04-01T15:05:00","guid":{"rendered":"https:\/\/www.radiopresidenteibanez.cl\/web\/?p=38615"},"modified":"2023-04-01T09:53:01","modified_gmt":"2023-04-01T12:53:01","slug":"pago-extraordinario-del-aporte-familiar-beneficiara-a-mas-de-8-600-familias-en-magallanes","status":"publish","type":"post","link":"https:\/\/www.radiopresidenteibanez.cl\/web\/pago-extraordinario-del-aporte-familiar-beneficiara-a-mas-de-8-600-familias-en-magallanes\/","title":{"rendered":"Pago extraordinario del Aporte Familiar beneficiar\u00e1 a m\u00e1s de 8.600 familias en Magallanes"},"content":{"rendered":"\n<p>S\u00f3lo cuatro d\u00edas despu\u00e9s de publicada la ley respectiva de<br>Medidas Econ\u00f3micas enviadas por el Gobierno, el Instituto de Previsi\u00f3n Social (IPS) dio inicio al<br>pago extraordinario del Aporte Familiar Permanente -ex Bono Marzo- que en la Regi\u00f3n de<br>Magallanes beneficiar\u00e1 a m\u00e1s de 8.600 familias.<br>A nivel nacional se estima que ser\u00e1n m\u00e1s de un mill\u00f3n y medio de familias beneficiadas con este<br>apoyo econ\u00f3mico.<br>El pago extraordinario del Aporte Familiar Permanente es parte de una iniciativa legal impulsada<br>por el Gobierno del Presidente Gabriel Boric, aprobada por el Congreso el pasado 20 de marzo y<br>promulgada por el Mandatario el 23 del mismo mes. La ley incluye tambi\u00e9n un reajuste al Subsidio<br>\u00danico Familiar (SUF) y a la Asignaci\u00f3n Familiar (AF), adem\u00e1s de la creaci\u00f3n del Bolsillo Familiar<br>Electr\u00f3nico, entre las principales medidas.<br>La noticia del inicio del pago del Aporte fue dada a conocer por la directora (s) del IPS Magallanes,<br>Julia Mu\u00f1oz, quien explic\u00f3 que este desembolso extraordinario se concreta entre los d\u00edas 29 al 31<br>de marzo, destacando que, en caso de dudas, las personas pueden consultar su fecha y forma de<br>pago en www.aportefamiliar.cl o llamando al Call Center 101.<br>\u201cEste es un bono extraordinario que el Gobierno impuls\u00f3 y se aprob\u00f3 en poco tiempo. El IPS, bajo<br>la misma rapidez, hizo que este Aporte se empiece a pagar el pasado 29 de marzo. Los<br>beneficiarios son las mismas personas que durante febrero y marzo pasado cobraron su aporte<br>familiar. Se trata de aquellas que tienen Subsidio \u00danico Familiar o que son beneficiarios del<br>programa de Seguridades y Oportunidades y tambi\u00e9n todas las personas que son trabajadores\/as<br>que tienen autorizadas sus cargas familiares al 31 de diciembre de 2022\u201d, explic\u00f3 Mu\u00f1oz.<br>La directora se\u00f1al\u00f3 que se trata de m\u00e1s de 8.600 las familias que recibir\u00e1n este apoyo econ\u00f3mico<br>extra y son m\u00e1s de 16 mil bonos duplicados los que entregar\u00e1 el Gobierno en esta ocasi\u00f3n.<br>\u201cLa idea es que al 31 de marzo est\u00e9 pagada la totalidad de los Aportes. Principalmente, lo estamos<br>pagando a trav\u00e9s de BancoEstado, de quienes tienen CuentaRut y cuentas de otros bancos.<br>Aproximadamente el 96% de la gente va a recibir a trav\u00e9s de su cuenta bancaria. Para el otro<br>grupo que no tiene cuenta, existe convenio con la Caja de Compensaci\u00f3n Los H\u00e9roes, donde las<br>personas hacen el cobro de manera presencial\u201d, a\u00f1adi\u00f3.<\/p>\n","protected":false},"excerpt":{"rendered":"<p>S\u00f3lo cuatro d\u00edas despu\u00e9s de publicada la ley respectiva deMedidas Econ\u00f3micas enviadas por el Gobierno, el Instituto de Previsi\u00f3n Social (IPS) dio inicio alpago extraordinario del Aporte Familiar Permanente -ex&#8230; <a class=\"read-more\" href=\"https:\/\/www.radiopresidenteibanez.cl\/web\/pago-extraordinario-del-aporte-familiar-beneficiara-a-mas-de-8-600-familias-en-magallanes\/\">Leer m\u00e1s<\/a><\/p>\n","protected":false},"author":2,"featured_media":38616,"comment_status":"closed","ping_status":"closed","sticky":false,"template":"","format":"standard","meta":{"footnotes":""},"categories":[1],"tags":[],"class_list":["post-38615","post","type-post","status-publish","format-standard","has-post-thumbnail","hentry","category-cronica"],"_links":{"self":[{"href":"https:\/\/www.radiopresidenteibanez.cl\/web\/wp-json\/wp\/v2\/posts\/38615","targetHints":{"allow":["GET"]}}],"collection":[{"href":"https:\/\/www.radiopresidenteibanez.cl\/web\/wp-json\/wp\/v2\/posts"}],"about":[{"href":"https:\/\/www.radiopresidenteibanez.cl\/web\/wp-json\/wp\/v2\/types\/post"}],"author":[{"embeddable":true,"href":"https:\/\/www.radiopresidenteibanez.cl\/web\/wp-json\/wp\/v2\/users\/2"}],"replies":[{"embeddable":true,"href":"https:\/\/www.radiopresidenteibanez.cl\/web\/wp-json\/wp\/v2\/comments?post=38615"}],"version-history":[{"count":0,"href":"https:\/\/www.radiopresidenteibanez.cl\/web\/wp-json\/wp\/v2\/posts\/38615\/revisions"}],"wp:featuredmedia":[{"embeddable":true,"href":"https:\/\/www.radiopresidenteibanez.cl\/web\/wp-json\/wp\/v2\/media\/38616"}],"wp:attachment":[{"href":"https:\/\/www.radiopresidenteibanez.cl\/web\/wp-json\/wp\/v2\/media?parent=38615"}],"wp:term":[{"taxonomy":"category","embeddable":true,"href":"https:\/\/www.radiopresidenteibanez.cl\/web\/wp-json\/wp\/v2\/categories?post=38615"},{"taxonomy":"post_tag","embeddable":true,"href":"https:\/\/www.radiopresidenteibanez.cl\/web\/wp-json\/wp\/v2\/tags?post=38615"}],"curies":[{"name":"wp","href":"https:\/\/api.w.org\/{rel}","templated":true}]}}