{"id":38612,"date":"2023-04-01T10:55:00","date_gmt":"2023-04-01T13:55:00","guid":{"rendered":"https:\/\/www.radiopresidenteibanez.cl\/web\/?p=38612"},"modified":"2023-04-01T09:50:30","modified_gmt":"2023-04-01T12:50:30","slug":"ministra-aguilera-visito-hospital-clinico-magallanes","status":"publish","type":"post","link":"https:\/\/www.radiopresidenteibanez.cl\/web\/ministra-aguilera-visito-hospital-clinico-magallanes\/","title":{"rendered":"Ministra Aguilera visit\u00f3 Hospital Cl\u00ednico Magallanes"},"content":{"rendered":"\n<p>Visita a las Unidades de Imagenolog\u00eda, Pabellones, Paciente Cr\u00edtico, Radioterapia y la realizaci\u00f3n de<br>un operativo de vacunaci\u00f3n en el Hospital Cl\u00ednico Magallanes fueron las actividades realizadas por<br>la Ministra de Salud, Dra. Ximena Aguilera Sanhueza, en su primera visita institucional a la Regi\u00f3n<br>de Magallanes y la Ant\u00e1rtica Chilena.<br>\u201cEl sentido de todas las visitas que hacemos a terreno es tener la visi\u00f3n desde las regiones y<br>escuchar sus planteamientos. Nosotros como Gobierno central queremos apoyarlos m\u00e1s que tener<br>una visi\u00f3n centralista y venir con los diagn\u00f3sticos y casi las soluciones\u201d, declar\u00f3 la autoridad de la<br>cartera.<br>El recorrido comenz\u00f3 en Imagenolog\u00eda en donde la ministra pudo conocer los nuevos<br>equipamientos de \u00faltima tecnolog\u00eda recientemente renovados en la unidad. El esc\u00e1ner y<br>mam\u00f3grafo financiados por fondos ministeriales y que significaron una inversi\u00f3n superior a los<br>$970 millones en conjunto, llegaron al establecimiento en abril de 2022 y a la fecha registran<br>13.233 y 2.034 ex\u00e1menes realizados respectivamente.<br>Posteriormente, pudo visualizar la labor que realizan los equipos de pabell\u00f3n, quienes cuentan con<br>diez pabellones \u2013 9 destinados a la resoluci\u00f3n de cirug\u00edas mayores y 1 a cirug\u00edas menores \u2013 y que<br>han tenido un gran desempe\u00f1o en el compromiso impulsado por el Ministerio de Salud, a trav\u00e9s<br>de la Subsecretar\u00eda de Redes Asistenciales, de reducci\u00f3n de listas de espera. \u00cdtem que en 2022,<br>posicion\u00f3 a Magallanes en segundo lugar en reducci\u00f3n de listas de espera con un 78.3%.<br>Asimismo, conoci\u00f3 los equipos y trabajo de la Unidad de Paciente Cr\u00edtico, compuesta por 12 camas<br>UCI y 24 camas UTI.<\/p>\n\n\n\n<p>Finalmente, recorri\u00f3 las instalaciones de la Unidad de Radioterapia que se encuentra con<br>proyectos importantes de mejora que incluyen la renovaci\u00f3n del Tom\u00f3grafo Axial Computarizado<br>(TAC) y el acelerador lineal.<br>\u201cEstamos muy contentos de que la ministra haya podido visitar nuestro hospital, ella pudo<br>constatar en terreno precisamente los esfuerzos que se est\u00e1n haciendo desde todos los equipos<br>cl\u00ednicos para darle una respuesta apropiada a los problemas de salud de las personas. Tambi\u00e9n<br>tom\u00f3 noticia precisamente de los aspectos que el hospital est\u00e1 impulsando, claramente vinculados<br>a equipamientos y a dotarnos de especialistas\u201d, concluy\u00f3 el director del Hospital Cl\u00ednico<br>Magallanes, Ricardo Contreras<\/p>\n","protected":false},"excerpt":{"rendered":"<p>Visita a las Unidades de Imagenolog\u00eda, Pabellones, Paciente Cr\u00edtico, Radioterapia y la realizaci\u00f3n deun operativo de vacunaci\u00f3n en el Hospital Cl\u00ednico Magallanes fueron las actividades realizadas porla Ministra de Salud,&#8230; <a class=\"read-more\" href=\"https:\/\/www.radiopresidenteibanez.cl\/web\/ministra-aguilera-visito-hospital-clinico-magallanes\/\">Leer m\u00e1s<\/a><\/p>\n","protected":false},"author":2,"featured_media":38613,"comment_status":"closed","ping_status":"closed","sticky":false,"template":"","format":"standard","meta":{"footnotes":""},"categories":[1],"tags":[],"class_list":["post-38612","post","type-post","status-publish","format-standard","has-post-thumbnail","hentry","category-cronica"],"_links":{"self":[{"href":"https:\/\/www.radiopresidenteibanez.cl\/web\/wp-json\/wp\/v2\/posts\/38612","targetHints":{"allow":["GET"]}}],"collection":[{"href":"https:\/\/www.radiopresidenteibanez.cl\/web\/wp-json\/wp\/v2\/posts"}],"about":[{"href":"https:\/\/www.radiopresidenteibanez.cl\/web\/wp-json\/wp\/v2\/types\/post"}],"author":[{"embeddable":true,"href":"https:\/\/www.radiopresidenteibanez.cl\/web\/wp-json\/wp\/v2\/users\/2"}],"replies":[{"embeddable":true,"href":"https:\/\/www.radiopresidenteibanez.cl\/web\/wp-json\/wp\/v2\/comments?post=38612"}],"version-history":[{"count":0,"href":"https:\/\/www.radiopresidenteibanez.cl\/web\/wp-json\/wp\/v2\/posts\/38612\/revisions"}],"wp:featuredmedia":[{"embeddable":true,"href":"https:\/\/www.radiopresidenteibanez.cl\/web\/wp-json\/wp\/v2\/media\/38613"}],"wp:attachment":[{"href":"https:\/\/www.radiopresidenteibanez.cl\/web\/wp-json\/wp\/v2\/media?parent=38612"}],"wp:term":[{"taxonomy":"category","embeddable":true,"href":"https:\/\/www.radiopresidenteibanez.cl\/web\/wp-json\/wp\/v2\/categories?post=38612"},{"taxonomy":"post_tag","embeddable":true,"href":"https:\/\/www.radiopresidenteibanez.cl\/web\/wp-json\/wp\/v2\/tags?post=38612"}],"curies":[{"name":"wp","href":"https:\/\/api.w.org\/{rel}","templated":true}]}}