{"id":38589,"date":"2023-03-31T13:57:00","date_gmt":"2023-03-31T16:57:00","guid":{"rendered":"https:\/\/www.radiopresidenteibanez.cl\/web\/?p=38589"},"modified":"2023-03-31T10:43:06","modified_gmt":"2023-03-31T13:43:06","slug":"sernameg-cierra-el-mes-de-la-mujer-con-intervencion-enmall-espacio-urbano","status":"publish","type":"post","link":"https:\/\/www.radiopresidenteibanez.cl\/web\/sernameg-cierra-el-mes-de-la-mujer-con-intervencion-enmall-espacio-urbano\/","title":{"rendered":"SernamEG cierra el Mes de la Mujer con intervenci\u00f3n enMall Espacio Urbano"},"content":{"rendered":"\n<p>Concluyendo un intenso mes de actividades en el marco del Mes de las Mujeres, este<br>jueves la Direcci\u00f3n Regional del Servicio Nacional de la Mujer y la Equidad de G\u00e9nero,<br>SernamEG Magallanes, a trav\u00e9s de su programa de Prevenci\u00f3n de Violencia Contra las<br>Mujeres efectu\u00f3 una exposici\u00f3n y feria en el Mall Espacio Urbano, el cual busc\u00f3 resaltar a<br>trav\u00e9s de una exposici\u00f3n a mujeres hist\u00f3ricas, adem\u00e1s de entregar orientaci\u00f3n con stands<br>informativos del Centro de la Mujer de Punta Arenas, Centro de Reeducaci\u00f3n de Hombres,<br>Prodemu Magallanes, y la Secci\u00f3n de Derechos Humanos y Promoci\u00f3n de la Familia de<br>Carabineros de Chile.<br>\u201cEn este desaf\u00edo institucional y de Estado de erradicar la violencia contra las mujeres, nos<br>encontramos en constante b\u00fasqueda de nuevas socias y socios estrat\u00e9gicos que se unan a<br>esta tarea. Es por ello que con mucha satisfacci\u00f3n certificamos hoy a funcionarias y<br>funcionarios del Mall Espacio Urbano como Agentes Preventivos de Violencia Contra las<br>Mujeres, y comenzamos una agenda de actividades que esperamos desarrollar durante<br>todo el a\u00f1o en esta alianza virtuosa que busca acercar la oferta de atenci\u00f3n, prevenci\u00f3n y<br>reparaci\u00f3n a las m\u00e1s de 21 mil personas que visitan a diario este recinto\u201d, explic\u00f3 la<br>directora regional del SernamEG Fabiola Garc\u00eda Pinto.<br>En la actividad, en la que tambi\u00e9n estuvo presente la Seremi de la Mujer y la Equidad de<br>G\u00e9nero Alejandra Ruiz Ovando y el Seremi de Desarrollo Social Danilo Mimica Mansilla, se<br>distingui\u00f3 adem\u00e1s a ocho trabajadoras de las distintas empresas que conforman el<br>recinto. \u201cEstamos muy felices de haber realizado durante el 28 y 29 de marzo las<br>capacitaciones para ser Agentes en la Prevenci\u00f3n de la Violencia Contra la Mujer, en<br>donde participaron 10 personas. Adem\u00e1s, estamos muy contentas porque hoy<br>conmemoramos a ocho mujeres que colaboran en nuestro Espacio Urbano Pionero,<br>elegidas entre nuestros colaboradores por sus historias y virtudes, reconociendo el trabajo<br>que hacen d\u00eda a d\u00eda. Espacio Urbano Pionero es el mall de los vecinos y nos sentimos<br>comprometidos con la comunidad, de entregarles espacios con oportunidades y poder<\/p>\n\n\n\n<p>contribuir de manera concreta con nuestro prop\u00f3sito\u201d, se\u00f1al\u00f3 Ecmar Rada Montiel, center<br>manager de Espacio Urbano Pionero.<br>Trabajadoras Destacadas<br>Solo esta ma\u00f1ana y a modo de sorpresa se les invit\u00f3 a ser parte de la ceremonia a las<br>mujeres distinguidas quienes se enteraron in situ del reconocimiento. Sonia Navarro Haro,<br>parte del personal de aseo de la Empresa PyG fue una de ellas: por su destacado e<br>impecable trabajo diario, su excelente disposici\u00f3n a las tareas encomendadas, \u00e9tica de<br>trabajo y calidad humana que trasciende a sus pares y usuarios. \u201cNo me lo esperaba. Me<br>siento muy feliz por este reconocimiento\u201d, indic\u00f3 visiblemente emocionada.<br>Tamara L\u00f3pez Arriagada fue otra de las trabajadoras distinguidas: una mujer l\u00edder dentro<br>de su franquicia, que aporta con pasi\u00f3n, experiencia, responsabilidad, disciplina y<br>solidaridad su conocimiento en la gesti\u00f3n de la actividad f\u00edsica y deporte. \u201cNo me lo<br>esperaba, fue una sorpresa muy bonita y agradezco mucho a Espacio Urbano. Llevo<br>trabajando 9 a\u00f1os en la franquicia Sportlife y he pasado por distintas administraciones y<br>ahora que sea una mujer la l\u00edder de Espacio Urbano es s\u00faper bueno y s\u00faper bonito.<br>Primera vez que se hace un reconocimiento as\u00ed, asi que se agradece mucho estas<br>oportunidades que se van dando ahora\u201d, reconoci\u00f3.<br>La lista de trabajadoras destacadas la completan J\u00e9ssica C\u00e1rdenas Chaura, Dayana<br>Villarroel Pinto, Flor Antiman Antiman, Yoseline Blatter Ascencio, Nicole Ojeda y Cecilia<br>P\u00e9rez Chodil.<br>El Programa de Prevenci\u00f3n en Violencia contra las Mujeres del SernamEG, ejecutado en la<br>comuna de Punta Arenas por la Fundaci\u00f3n FIDE XII, tiene por objetivo erradicar la<br>naturalizaci\u00f3n de las violencias contra las mujeres, que se reproduce a trav\u00e9s de diversos<br>agentes y espacios de socializaci\u00f3n y que opera de forma transversal en toda la sociedad.<br>Para poder incidir entonces en comunidades diversas, el programa trabaja con agentes<br>multiplicadores y con canales de comunicaci\u00f3n masiva, siendo uno de sus componentes la<br>Formaci\u00f3n de Agentes que ocupen una posici\u00f3n estrat\u00e9gica por alcance e influencia en los<br>distintos espacios sectoriales de prevenci\u00f3n que incluye informaci\u00f3n respecto de la<br>atenci\u00f3n, derivaci\u00f3n e Intervenci\u00f3n de las violencias.<br>Los talleres de capacitaci\u00f3n y sensibilizaci\u00f3n son gratuitos y certificados, a los cuales se<br>puede acceder a trav\u00e9s de la web https:\/\/app.sernam.cl\/form\/2023\/vcm\/prevencion\/.<\/p>\n","protected":false},"excerpt":{"rendered":"<p>Concluyendo un intenso mes de actividades en el marco del Mes de las Mujeres, estejueves la Direcci\u00f3n Regional del Servicio Nacional de la Mujer y la Equidad de G\u00e9nero,SernamEG Magallanes,&#8230; <a class=\"read-more\" href=\"https:\/\/www.radiopresidenteibanez.cl\/web\/sernameg-cierra-el-mes-de-la-mujer-con-intervencion-enmall-espacio-urbano\/\">Leer m\u00e1s<\/a><\/p>\n","protected":false},"author":2,"featured_media":38590,"comment_status":"closed","ping_status":"closed","sticky":false,"template":"","format":"standard","meta":{"footnotes":""},"categories":[1],"tags":[],"class_list":["post-38589","post","type-post","status-publish","format-standard","has-post-thumbnail","hentry","category-cronica"],"_links":{"self":[{"href":"https:\/\/www.radiopresidenteibanez.cl\/web\/wp-json\/wp\/v2\/posts\/38589","targetHints":{"allow":["GET"]}}],"collection":[{"href":"https:\/\/www.radiopresidenteibanez.cl\/web\/wp-json\/wp\/v2\/posts"}],"about":[{"href":"https:\/\/www.radiopresidenteibanez.cl\/web\/wp-json\/wp\/v2\/types\/post"}],"author":[{"embeddable":true,"href":"https:\/\/www.radiopresidenteibanez.cl\/web\/wp-json\/wp\/v2\/users\/2"}],"replies":[{"embeddable":true,"href":"https:\/\/www.radiopresidenteibanez.cl\/web\/wp-json\/wp\/v2\/comments?post=38589"}],"version-history":[{"count":0,"href":"https:\/\/www.radiopresidenteibanez.cl\/web\/wp-json\/wp\/v2\/posts\/38589\/revisions"}],"wp:featuredmedia":[{"embeddable":true,"href":"https:\/\/www.radiopresidenteibanez.cl\/web\/wp-json\/wp\/v2\/media\/38590"}],"wp:attachment":[{"href":"https:\/\/www.radiopresidenteibanez.cl\/web\/wp-json\/wp\/v2\/media?parent=38589"}],"wp:term":[{"taxonomy":"category","embeddable":true,"href":"https:\/\/www.radiopresidenteibanez.cl\/web\/wp-json\/wp\/v2\/categories?post=38589"},{"taxonomy":"post_tag","embeddable":true,"href":"https:\/\/www.radiopresidenteibanez.cl\/web\/wp-json\/wp\/v2\/tags?post=38589"}],"curies":[{"name":"wp","href":"https:\/\/api.w.org\/{rel}","templated":true}]}}