{"id":38584,"date":"2023-03-31T12:39:00","date_gmt":"2023-03-31T15:39:00","guid":{"rendered":"https:\/\/www.radiopresidenteibanez.cl\/web\/?p=38584"},"modified":"2023-03-31T10:34:48","modified_gmt":"2023-03-31T13:34:48","slug":"aunque-no-existen-casos-en-magallanes-autoridades-regionales-llaman-aestar-alertas-y-reforzar-medidas-preventivas","status":"publish","type":"post","link":"https:\/\/www.radiopresidenteibanez.cl\/web\/aunque-no-existen-casos-en-magallanes-autoridades-regionales-llaman-aestar-alertas-y-reforzar-medidas-preventivas\/","title":{"rendered":"AUNQUE NO EXISTEN CASOS EN MAGALLANES, AUTORIDADES REGIONALES LLAMAN AESTAR ALERTAS Y REFORZAR MEDIDAS PREVENTIVAS"},"content":{"rendered":"\n<p>Ante el anuncio del Ministerio de Salud del primer caso en Chile de gripe aviar en humanos,<br>reportado en el norte de Chile, las autoridades regionales efectuaron un llamado a la<br>comunidad a mantener la tranquilidad, aclarando que hasta el momento no se han registrado<br>casos en la regi\u00f3n, pero que es necesario estar alertas y reforzar medidas de prevenci\u00f3n.&nbsp;<br>De esta forma, participaron en un punto de prensa, los Seremi de Gobierno, Andro Mimica, de<br>Agricultura, Irene Ram\u00edrez, de Salud, Francisca Sanfuentes, el Director del SAG (S), Jorge Haro,<br>y el Jefe del Departamento de Epidemiolog\u00eda del Minsal, Christian Garc\u00eda.<br>El Seremi de Gobierno, Andro Mimica, se\u00f1al\u00f3 que ante este primer caso lo primero es llamar a<br>la tranquilidad ya que en la regi\u00f3n de Magallanes no existen casos, ni de contagio en humanos<br>ni en aves ni en animales marinos. \u201cLo importante es que si se detecta alguna de estas<br>especies muertas, se avise inmediatamente al SAG o Sernapesca, que son los organismos que<br>est\u00e1n trabajando en coordinaci\u00f3n con el Ministerio de Salud\u201d.<br>La SEREMI de Salud, Francisca Sanfuentes, explic\u00f3 que la Gripe o Influenza Aviar es un cuadro<br>de enfermedad respiratoria aguda que afecta a aves y algunos mam\u00edferos marinos, y que se<br>encuentra hace varios meses ya en nuestro pa\u00eds a lo largo de las costas y que se ha ido<br>presentando con mayor frecuencia desde la zona norte y avanzando hacia la zona sur.<br>Durante estos meses, agreg\u00f3, hemos desarrollado diversas acciones en preparaci\u00f3n a posibles<br>casos como reuniones locales sectoriales e intersectoriales, intensificaci\u00f3n de vigilancia de<br>enfermedades respiratorias y vacunaci\u00f3n contra la Influenza de los equipos SAG y<br>SERNAPESCA, quienes son los encargados de tomar los muestreos. A su vez, la red asistencial<br>se encuentra en alerta y est\u00e1 preparada para la detecci\u00f3n oportuna y precoz de un eventual<br>caso, que esperamos que no ocurra.<br>Irene Ram\u00edrez M\u00e9rida, Seremi de Agricultura, se refiri\u00f3 al trabajo multisectorial que se ha<br>realizado en el marco de la emergencia sanitaria por influenza aviar, se\u00f1alando: \u201cA nivel<br>regional, hemos trabajado en la mesa t\u00e9cnica del COGRID para, justamente, coordinar los<br>distintos servicios p\u00fablicos y tambi\u00e9n la Armada, a fin de poder tener una mayor cobertura en<br>nuestra regi\u00f3n frente a lo que es las primeras alertas. As\u00ed que estamos trabajando en ello,<br>vamos a continuar trabajando con la Seremi de Salud, para lo que es la entrega de<\/p>\n\n\n\n<p>informaci\u00f3n a nuestros agricultores y agricultoras que tienen aves, y eso es un trabajo<br>tambi\u00e9n, que estamos coordinado con SAG e INDAP, aqu\u00ed en la regi\u00f3n de Magallanes\u201d.<br>El director regional (s) de SAG Magallanes, Jorge Haro D\u00edaz, explic\u00f3 que desde el primer brote<br>de influenza aviar en el pa\u00eds, el Servicio ha realizado un monitoreo permanente a aves<br>silvestres y de corral, no habiendo casos positivos en la regi\u00f3n. As\u00ed mismo, hizo un llamado a<br>adquirir productos y subproductos av\u00edcolas solo en lugares establecidos, a fin de reguardar la<br>inocuidad de estos, y reforz\u00f3 el mensaje de autocuidado entre la comunidad indicando \u201cante<br>situaciones de aves muertas o, eventualmente, con s\u00edntomas de enfermedad, no manipularlas<br>y avisar al SAG, tanto a los tel\u00e9fonos oficiales que se encuentran en nuestra p\u00e1gina, como al<br>correo que est\u00e1 habilitado para este fin\u201d.<\/p>\n\n\n\n<p>En tanto, el Jefe del Departamento de Epidemiolog\u00eda del Minsal, Christian Garc\u00eda, manifest\u00f3<br>que desde el a\u00f1o 2000 se han reportado un poco menos de 900 casos de Gripe Aviar en el<br>mundo. \u201cEstos son casos excepcionales, se presentan en personas que han sido expuestas o<br>han tenido contacto con trabajadores de la industria av\u00edcola o personas que ten\u00edan aves de<br>corral. En nuestro pa\u00eds, si bien en ese entonces se detect\u00f3 esta gripe en algunos planteles en<br>regiones del pa\u00eds, no hab\u00edan existido casos humanos. De hecho, este caso es in\u00e9dito y fue<br>detectado a trav\u00e9s de nuestra red de vigilancia activa de infecciones respiratorias agudas, se<br>activaron de manera inmediata todos los protocolos para dar la atenci\u00f3n y tratamiento a la<br>persona y el diagn\u00f3stico del laboratorio que fue confirmado r\u00e1pidamente por el ISP\u201d.<br>\u201cEl llamado es a los propietarios de planteles de aves a estar atentos a sus aves, si se<br>encuentran visiblemente enfermas o fallecidas, especialmente en un n\u00famero importante, ya<br>que la gripe aviar es una patolog\u00eda grave, que se puede transmitir al ser humano\u201d, puntualiz\u00f3.<\/p>\n","protected":false},"excerpt":{"rendered":"<p>Ante el anuncio del Ministerio de Salud del primer caso en Chile de gripe aviar en humanos,reportado en el norte de Chile, las autoridades regionales efectuaron un llamado a lacomunidad&#8230; <a class=\"read-more\" href=\"https:\/\/www.radiopresidenteibanez.cl\/web\/aunque-no-existen-casos-en-magallanes-autoridades-regionales-llaman-aestar-alertas-y-reforzar-medidas-preventivas\/\">Leer m\u00e1s<\/a><\/p>\n","protected":false},"author":2,"featured_media":38585,"comment_status":"closed","ping_status":"closed","sticky":false,"template":"","format":"standard","meta":{"footnotes":""},"categories":[1],"tags":[],"class_list":["post-38584","post","type-post","status-publish","format-standard","has-post-thumbnail","hentry","category-cronica"],"_links":{"self":[{"href":"https:\/\/www.radiopresidenteibanez.cl\/web\/wp-json\/wp\/v2\/posts\/38584","targetHints":{"allow":["GET"]}}],"collection":[{"href":"https:\/\/www.radiopresidenteibanez.cl\/web\/wp-json\/wp\/v2\/posts"}],"about":[{"href":"https:\/\/www.radiopresidenteibanez.cl\/web\/wp-json\/wp\/v2\/types\/post"}],"author":[{"embeddable":true,"href":"https:\/\/www.radiopresidenteibanez.cl\/web\/wp-json\/wp\/v2\/users\/2"}],"replies":[{"embeddable":true,"href":"https:\/\/www.radiopresidenteibanez.cl\/web\/wp-json\/wp\/v2\/comments?post=38584"}],"version-history":[{"count":0,"href":"https:\/\/www.radiopresidenteibanez.cl\/web\/wp-json\/wp\/v2\/posts\/38584\/revisions"}],"wp:featuredmedia":[{"embeddable":true,"href":"https:\/\/www.radiopresidenteibanez.cl\/web\/wp-json\/wp\/v2\/media\/38585"}],"wp:attachment":[{"href":"https:\/\/www.radiopresidenteibanez.cl\/web\/wp-json\/wp\/v2\/media?parent=38584"}],"wp:term":[{"taxonomy":"category","embeddable":true,"href":"https:\/\/www.radiopresidenteibanez.cl\/web\/wp-json\/wp\/v2\/categories?post=38584"},{"taxonomy":"post_tag","embeddable":true,"href":"https:\/\/www.radiopresidenteibanez.cl\/web\/wp-json\/wp\/v2\/tags?post=38584"}],"curies":[{"name":"wp","href":"https:\/\/api.w.org\/{rel}","templated":true}]}}