{"id":38571,"date":"2023-03-31T08:23:27","date_gmt":"2023-03-31T11:23:27","guid":{"rendered":"https:\/\/www.radiopresidenteibanez.cl\/web\/?p=38571"},"modified":"2023-03-31T08:45:31","modified_gmt":"2023-03-31T11:45:31","slug":"subdere-celebra-31-de-marzo-dia-de-las-regiones-2023","status":"publish","type":"post","link":"https:\/\/www.radiopresidenteibanez.cl\/web\/subdere-celebra-31-de-marzo-dia-de-las-regiones-2023\/","title":{"rendered":"Subdere celebra 31 de Marzo D\u00eda de las Regiones 2023"},"content":{"rendered":"\n<p>El 31 de marzo de cada a\u00f1o, se celebra el D\u00eda de las Regiones, conmemorando hoy el aniversario n\u00famero catorce. Esta efem\u00e9ride busca dar a conocer a la ciudadan\u00eda las pol\u00edticas de gobierno, como la descentralizaci\u00f3n y la autonom\u00eda regional.<\/p>\n\n\n\n<p>La Subsecretar\u00eda de Desarrollo Regional y Administrativo (Subdere) cada a\u00f1o conmemora este d\u00eda, considerando la importancia de las regiones, las distintas comunidades que habitan en el pa\u00eds, desde el nivel regional, comunal y local. Chile es un pa\u00eds diverso y con distintas necesidades, el acceso adecuado a los servicios de salud, a empleos de calidad, educaci\u00f3n, agua y saneamiento, \u00e1reas verdes, entre otros, no se distribuyen de manera equitativa.<\/p>\n\n\n\n<p>Es por ello, que esta Subsecretar\u00eda est\u00e1 presente de forma permanente en los territorios del pa\u00eds, acompa\u00f1ando a las comunidades, reuni\u00e9ndose y trabajando de manera colaborativa con las autoridades regionales y locales, a trav\u00e9s de las Unidades Regionales de Subdere, URS, para contribuir al desarrollo de los territorios, fortaleciendo su capacidad de buen gobierno, en coherencia con el proceso de descentralizaci\u00f3n.<\/p>\n\n\n\n<p>El Gobierno del Presidente Gabriel Boric est\u00e1 comprometido por un Chile desarrollado y descentralizado, hacia un Estado de bienestar para un mejor futuro. La descentralizaci\u00f3n es uno de los ejes centrales ya, que al entregar competencias y recursos a los gobiernos regionales y a los municipios del pa\u00eds, es posible mejorar la calidad de vida de las y los habitantes del pa\u00eds, y as\u00ed avanzar en acortar las brechas de acceso y desarrollo de los territorios.<\/p>\n\n\n\n<p>En la Regi\u00f3n de Magallanes, los desaf\u00edos para este a\u00f1o estar\u00e1n enfocados en continuar trabajando en pos del desarrollo regional y local, fortaleciendo el v\u00ednculo con los municipios, con ese prop\u00f3sito la Subdere ha desarrollado un trabajo colaborativo con las asociaciones de municipios. En la regi\u00f3n se est\u00e1 trabajando con la AMUMAG, con el Servicio de Asistencia T\u00e9cnica Especializada (SATE), cuyo objetivo es brindar apoyo directo a las municipalidades mediante la generaci\u00f3n de nuevos proyectos de inversi\u00f3n, con apoyos de profesionales especializados, para distribuir m\u00e1s recursos a las comunas que m\u00e1s lo necesitan.<\/p>\n\n\n\n<p>Tambi\u00e9n se han mejorado instrumentos que han venido impulsando el desarrollo de territorios extremos y rezagados, formulando una pol\u00edtica nacional de zonas extremas y una serie de mejoras a la actual pol\u00edtica nacional de zonas rezagadas en materia social, las cuales esperamos que entren en vigencia dentro del primer semestre de este a\u00f1o.<\/p>\n","protected":false},"excerpt":{"rendered":"<p>El 31 de marzo de cada a\u00f1o, se celebra el D\u00eda de las Regiones, conmemorando hoy el aniversario n\u00famero catorce. Esta efem\u00e9ride busca dar a conocer a la ciudadan\u00eda las&#8230; <a class=\"read-more\" href=\"https:\/\/www.radiopresidenteibanez.cl\/web\/subdere-celebra-31-de-marzo-dia-de-las-regiones-2023\/\">Leer m\u00e1s<\/a><\/p>\n","protected":false},"author":2,"featured_media":38583,"comment_status":"closed","ping_status":"closed","sticky":false,"template":"","format":"standard","meta":{"footnotes":""},"categories":[1],"tags":[],"class_list":["post-38571","post","type-post","status-publish","format-standard","has-post-thumbnail","hentry","category-cronica"],"_links":{"self":[{"href":"https:\/\/www.radiopresidenteibanez.cl\/web\/wp-json\/wp\/v2\/posts\/38571","targetHints":{"allow":["GET"]}}],"collection":[{"href":"https:\/\/www.radiopresidenteibanez.cl\/web\/wp-json\/wp\/v2\/posts"}],"about":[{"href":"https:\/\/www.radiopresidenteibanez.cl\/web\/wp-json\/wp\/v2\/types\/post"}],"author":[{"embeddable":true,"href":"https:\/\/www.radiopresidenteibanez.cl\/web\/wp-json\/wp\/v2\/users\/2"}],"replies":[{"embeddable":true,"href":"https:\/\/www.radiopresidenteibanez.cl\/web\/wp-json\/wp\/v2\/comments?post=38571"}],"version-history":[{"count":0,"href":"https:\/\/www.radiopresidenteibanez.cl\/web\/wp-json\/wp\/v2\/posts\/38571\/revisions"}],"wp:featuredmedia":[{"embeddable":true,"href":"https:\/\/www.radiopresidenteibanez.cl\/web\/wp-json\/wp\/v2\/media\/38583"}],"wp:attachment":[{"href":"https:\/\/www.radiopresidenteibanez.cl\/web\/wp-json\/wp\/v2\/media?parent=38571"}],"wp:term":[{"taxonomy":"category","embeddable":true,"href":"https:\/\/www.radiopresidenteibanez.cl\/web\/wp-json\/wp\/v2\/categories?post=38571"},{"taxonomy":"post_tag","embeddable":true,"href":"https:\/\/www.radiopresidenteibanez.cl\/web\/wp-json\/wp\/v2\/tags?post=38571"}],"curies":[{"name":"wp","href":"https:\/\/api.w.org\/{rel}","templated":true}]}}