{"id":3857,"date":"2019-05-02T23:30:32","date_gmt":"2019-05-02T23:30:32","guid":{"rendered":"http:\/\/www.radiopresidenteibanez.cl\/web\/?p=3857"},"modified":"2019-05-02T23:31:16","modified_gmt":"2019-05-02T23:31:16","slug":"autoridades-despidieron-a-la-delegacion-que-competira-en-los-juegos-de-la-paraaraucania","status":"publish","type":"post","link":"https:\/\/www.radiopresidenteibanez.cl\/web\/autoridades-despidieron-a-la-delegacion-que-competira-en-los-juegos-de-la-paraaraucania\/","title":{"rendered":"AUTORIDADES DESPIDIERON A LA DELEGACI\u00d3N QUE COMPETIR\u00c1 EN LOS JUEGOS DE LA PARAARAUCAN\u00cdA"},"content":{"rendered":"\n<p>El Intendente de la Regi\u00f3n\nde Magallanes y la Ant\u00e1rtica Chilena, Jos\u00e9 Fern\u00e1ndez Dubrock, la Seremi del\nDeporte, Odette Callahan, y el Director Regional del IND, Armin Altamirano,\ndespidieron este jueves a tres de los cuatro deportistas que viajar\u00e1n a Argentina\npara competir en la primera versi\u00f3n de los Juegos Binacionales de la\nParaAraucan\u00eda.<\/p>\n\n\n\n<p>Las atletas Miriam P\u00e9rez\n(lanzadora), Natacha Cid (nataci\u00f3n), y Mar\u00eda Fernanda D\u00edaz (nataci\u00f3n), fueron\nrecibidas en la Intendencia por la m\u00e1xima autoridad regional, quien aprovech\u00f3\nla instancia para desearle \u00e9xito a las j\u00f3venes deportistas antes del viaje que\nemprender\u00e1n el pr\u00f3ximo s\u00e1bado 4 de mayo. <\/p>\n\n\n\n<p>&nbsp;\u201cSiento que es una tremenda suerte, llevamos\nun mes practicando y ahora nos toca viajar a los Juegos de la Paraucan\u00eda para\ncompetir y ver c\u00f3mo estamos. Contenta de la oportunidad y orgullosa\u201d, dijo\nMar\u00eda Fernanda D\u00edaz, nadadora de 23 a\u00f1os que tuvo la oportunidad de compartir\ncon el Intendente. <\/p>\n\n\n\n<p>La primera versi\u00f3n de los Juegos de la ParaAraucan\u00eda se\ndesarrollar\u00e1 desde el 5 al 10 de mayo en Neuqu\u00e9n y reunir\u00e1 a cerca de 600\ndeportistas de siete regiones de Chile y seis provincias de Argentina, quienes\ncompetir\u00e1n en distintas disciplinas de atletismo y nataci\u00f3n.<\/p>\n\n\n\n<p>\u201cEsta competencia es una gran oportunidad para que nuestros deportistas\nsumen experiencia y motiven a otros j\u00f3venes para que se sumen a la pr\u00e1ctica del\ndeporte paral\u00edmpico. Les deseamos mucho \u00e9xito y que disfruten de una prueba que\nser\u00e1 hist\u00f3rica\u201d, sentenci\u00f3 Odette Callahan tras la despedida oficial en la\nIntendencia de Magallanes.&nbsp; <\/p>\n\n\n\n<p>La delegaci\u00f3n de Magallanes que saldr\u00e1 el s\u00e1bado por la ma\u00f1ana rumbo a Argentina est\u00e1 compuesta por las tres deportistas que asistieron a la reuni\u00f3n con el Intendente Jos\u00e9 Fern\u00e1ndez, el atleta de Puerto Natales, Demis Cardenas, los t\u00e9cnicos Luis Altamirano Navarro (atletismo) y Jessica Bahamondez (nataci\u00f3n), y la jefa de misi\u00f3n Brenda Fern\u00e1ndez. <\/p>\n\n\n\n<figure class=\"wp-block-image\"><img loading=\"lazy\" decoding=\"async\" width=\"900\" height=\"591\" src=\"https:\/\/www.radiopresidenteibanez.cl\/web\/wp-content\/uploads\/2019\/05\/Despedida-Intendente-3.jpg\" alt=\"\" class=\"wp-image-3858\" srcset=\"https:\/\/www.radiopresidenteibanez.cl\/web\/wp-content\/uploads\/2019\/05\/Despedida-Intendente-3.jpg 900w, https:\/\/www.radiopresidenteibanez.cl\/web\/wp-content\/uploads\/2019\/05\/Despedida-Intendente-3-300x197.jpg 300w, https:\/\/www.radiopresidenteibanez.cl\/web\/wp-content\/uploads\/2019\/05\/Despedida-Intendente-3-768x504.jpg 768w\" sizes=\"auto, (max-width: 900px) 100vw, 900px\" \/><\/figure>\n","protected":false},"excerpt":{"rendered":"<p>El Intendente de la Regi\u00f3n de Magallanes y la Ant\u00e1rtica Chilena, Jos\u00e9 Fern\u00e1ndez Dubrock, la Seremi del Deporte, Odette Callahan, y el Director Regional del IND, Armin Altamirano, despidieron este&#8230; <a class=\"read-more\" href=\"https:\/\/www.radiopresidenteibanez.cl\/web\/autoridades-despidieron-a-la-delegacion-que-competira-en-los-juegos-de-la-paraaraucania\/\">Leer m\u00e1s<\/a><\/p>\n","protected":false},"author":2,"featured_media":3858,"comment_status":"closed","ping_status":"closed","sticky":false,"template":"","format":"standard","meta":{"footnotes":""},"categories":[1],"tags":[],"class_list":["post-3857","post","type-post","status-publish","format-standard","has-post-thumbnail","hentry","category-cronica"],"_links":{"self":[{"href":"https:\/\/www.radiopresidenteibanez.cl\/web\/wp-json\/wp\/v2\/posts\/3857","targetHints":{"allow":["GET"]}}],"collection":[{"href":"https:\/\/www.radiopresidenteibanez.cl\/web\/wp-json\/wp\/v2\/posts"}],"about":[{"href":"https:\/\/www.radiopresidenteibanez.cl\/web\/wp-json\/wp\/v2\/types\/post"}],"author":[{"embeddable":true,"href":"https:\/\/www.radiopresidenteibanez.cl\/web\/wp-json\/wp\/v2\/users\/2"}],"replies":[{"embeddable":true,"href":"https:\/\/www.radiopresidenteibanez.cl\/web\/wp-json\/wp\/v2\/comments?post=3857"}],"version-history":[{"count":0,"href":"https:\/\/www.radiopresidenteibanez.cl\/web\/wp-json\/wp\/v2\/posts\/3857\/revisions"}],"wp:featuredmedia":[{"embeddable":true,"href":"https:\/\/www.radiopresidenteibanez.cl\/web\/wp-json\/wp\/v2\/media\/3858"}],"wp:attachment":[{"href":"https:\/\/www.radiopresidenteibanez.cl\/web\/wp-json\/wp\/v2\/media?parent=3857"}],"wp:term":[{"taxonomy":"category","embeddable":true,"href":"https:\/\/www.radiopresidenteibanez.cl\/web\/wp-json\/wp\/v2\/categories?post=3857"},{"taxonomy":"post_tag","embeddable":true,"href":"https:\/\/www.radiopresidenteibanez.cl\/web\/wp-json\/wp\/v2\/tags?post=3857"}],"curies":[{"name":"wp","href":"https:\/\/api.w.org\/{rel}","templated":true}]}}