{"id":38562,"date":"2023-03-30T16:29:00","date_gmt":"2023-03-30T19:29:00","guid":{"rendered":"https:\/\/www.radiopresidenteibanez.cl\/web\/?p=38562"},"modified":"2023-03-30T11:24:08","modified_gmt":"2023-03-30T14:24:08","slug":"proceso-de-traspaso-al-nuevo-servicio-local-de-educacion-publica-de-magallanes-incluira-a-10-jardines-infantiles-en-la-region","status":"publish","type":"post","link":"https:\/\/www.radiopresidenteibanez.cl\/web\/proceso-de-traspaso-al-nuevo-servicio-local-de-educacion-publica-de-magallanes-incluira-a-10-jardines-infantiles-en-la-region\/","title":{"rendered":"PROCESO DE TRASPASO AL NUEVO SERVICIO LOCAL DE EDUCACI\u00d3N P\u00daBLICA DE MAGALLANES INCLUIR\u00c1 A 10 JARDINES INFANTILES EN LA REGI\u00d3N"},"content":{"rendered":"\n<p>10 son los jardines infantiles VTF (V\u00eda Transferencia de Fondos) en la regi\u00f3n de Magallanes, que pasar\u00e1n a formar parte del Servicio de Educaci\u00f3n P\u00fablica de Magallanes, a partir del 1 de enero de 2024. Uno de ellos es el jard\u00edn Infantil \u201cPiececitos de Ni\u00f1o\u201d, ubicado en Rio Seco y administrado por la Corporaci\u00f3n Municipal de Punta Arenas &#8211; CORMUPA, con financiamiento que se transfiere desde la Junta Nacional de Jardines Infantiles (JUNJI).<\/p>\n\n\n\n<p>Inaugurado en 2010, este jard\u00edn infantil contribuye al proceso formativo de ni\u00f1os y ni\u00f1as desde sus primeros meses de vida en un sector de alta demanda, que suma a su programa educativo un sello ambientalista y de reciclaje, que sumar\u00e1 unidades educativas de calidad a la nueva educaci\u00f3n p\u00fablica en la regi\u00f3n.<\/p>\n\n\n\n<p>Hasta las dependencias del jard\u00edn, ubicadas a un costado de la escuela del mismo sector, lleg\u00f3 el director ejecutivo del SLEP Magallanes, Mario Garc\u00eda Mart\u00ednez, para reunirse con el equipo directivo del establecimiento y retomar la difusi\u00f3n sobre el proceso de traspaso de profesionales y t\u00e9cnicos, bienes muebles e inmuebles.<\/p>\n\n\n\n<p>Como lo destac\u00f3&nbsp;<strong>Pamela Paredes, directora del Jard\u00edn Infantil Piececitos de ni\u00f1o<\/strong>, \u201cagradecemos la disposici\u00f3n y el tiempo del director del SLEP para venir hasta nuestro jard\u00edn a informar sobre el proceso de traspaso. Pudimos aclarar las dudas que ten\u00edamos pendientes, logramos entender y comprender las diferencias y particularidades que afectan a cada una de las distintas funcionarias, y c\u00f3mo se traspasar\u00e1n las educadoras y asistentes. Valoramos adem\u00e1s la importancia que este servicio local le dar\u00e1 a la educaci\u00f3n inicial, que ser\u00e1 lo primordial en este proceso de traspaso\u201d.<\/p>\n\n\n\n<p>Por su parte, el&nbsp;<strong>director ejecutivo del SLEP Magallanes, Mario Garc\u00eda Mart\u00ednez,<\/strong>&nbsp;recalc\u00f3 el \u00e1nimo del nuevo servicio local para difundir los alcances del proceso consignados en la Ley 21.040, \u201cpara lo cual seguimos desplegados en toda la regi\u00f3n, porque queremos que la comunidad educativa de este jard\u00edn se sientan parte de la nueva educaci\u00f3n p\u00fablica. Con cada uno de ellos y ellas trabajaremos para entregar una educaci\u00f3n inicial de calidad, valorando el trabajo que se desarrolla en este particular sector de la comuna, potenciando las acciones que entreguen bienestar integral desde el Estado a ni\u00f1os y ni\u00f1as en R\u00edo Seco\u201d, dijo.<\/p>\n\n\n\n<p>El Jard\u00edn Infantil Piececitos de Ni\u00f1o se suma a 2 m\u00e1s en la comuna de Punta Arenas, 4 en Natales, 1 en Torres del Paine, 1 en Timaukel y 1 en la comuna de Primavera.<\/p>\n","protected":false},"excerpt":{"rendered":"<p>10 son los jardines infantiles VTF (V\u00eda Transferencia de Fondos) en la regi\u00f3n de Magallanes, que pasar\u00e1n a formar parte del Servicio de Educaci\u00f3n P\u00fablica de Magallanes, a partir del&#8230; <a class=\"read-more\" href=\"https:\/\/www.radiopresidenteibanez.cl\/web\/proceso-de-traspaso-al-nuevo-servicio-local-de-educacion-publica-de-magallanes-incluira-a-10-jardines-infantiles-en-la-region\/\">Leer m\u00e1s<\/a><\/p>\n","protected":false},"author":2,"featured_media":38563,"comment_status":"closed","ping_status":"closed","sticky":false,"template":"","format":"standard","meta":{"footnotes":""},"categories":[1],"tags":[],"class_list":["post-38562","post","type-post","status-publish","format-standard","has-post-thumbnail","hentry","category-cronica"],"_links":{"self":[{"href":"https:\/\/www.radiopresidenteibanez.cl\/web\/wp-json\/wp\/v2\/posts\/38562","targetHints":{"allow":["GET"]}}],"collection":[{"href":"https:\/\/www.radiopresidenteibanez.cl\/web\/wp-json\/wp\/v2\/posts"}],"about":[{"href":"https:\/\/www.radiopresidenteibanez.cl\/web\/wp-json\/wp\/v2\/types\/post"}],"author":[{"embeddable":true,"href":"https:\/\/www.radiopresidenteibanez.cl\/web\/wp-json\/wp\/v2\/users\/2"}],"replies":[{"embeddable":true,"href":"https:\/\/www.radiopresidenteibanez.cl\/web\/wp-json\/wp\/v2\/comments?post=38562"}],"version-history":[{"count":0,"href":"https:\/\/www.radiopresidenteibanez.cl\/web\/wp-json\/wp\/v2\/posts\/38562\/revisions"}],"wp:featuredmedia":[{"embeddable":true,"href":"https:\/\/www.radiopresidenteibanez.cl\/web\/wp-json\/wp\/v2\/media\/38563"}],"wp:attachment":[{"href":"https:\/\/www.radiopresidenteibanez.cl\/web\/wp-json\/wp\/v2\/media?parent=38562"}],"wp:term":[{"taxonomy":"category","embeddable":true,"href":"https:\/\/www.radiopresidenteibanez.cl\/web\/wp-json\/wp\/v2\/categories?post=38562"},{"taxonomy":"post_tag","embeddable":true,"href":"https:\/\/www.radiopresidenteibanez.cl\/web\/wp-json\/wp\/v2\/tags?post=38562"}],"curies":[{"name":"wp","href":"https:\/\/api.w.org\/{rel}","templated":true}]}}