{"id":38559,"date":"2023-03-30T15:10:00","date_gmt":"2023-03-30T18:10:00","guid":{"rendered":"https:\/\/www.radiopresidenteibanez.cl\/web\/?p=38559"},"modified":"2023-03-30T11:12:20","modified_gmt":"2023-03-30T14:12:20","slug":"alianza-estrategica-de-trabajo-en-el-territorio-entre-delegaciones-presidenciales-y-umag","status":"publish","type":"post","link":"https:\/\/www.radiopresidenteibanez.cl\/web\/alianza-estrategica-de-trabajo-en-el-territorio-entre-delegaciones-presidenciales-y-umag\/","title":{"rendered":"Alianza estrat\u00e9gica de trabajo en el territorio entre Delegaciones Presidenciales y UMAG"},"content":{"rendered":"\n<p>Durante la jornada de ayer, la Delegada Presidencial Regional, Luz Berm\u00fadez Sandoval, se reuni\u00f3<br>con el equipo de Vinculaci\u00f3n con el Medio de la Universidad de Magallanes, compuesto por Lorena<br>Aguilar Soto, Directora de Responsabilidad Social Universitaria, Felipe Lagos, Jefe Secretar\u00eda T\u00e9cnica<br>y Nicole Montecinos, profesional de la Direcci\u00f3n Responsabilidad Social Universitaria.<br>El objetivo de la visita fue hacer entrega de la informaci\u00f3n recogida en cuatro encuentros<br>provinciales donde los profesionales de la Universidad de Magallanes, a trav\u00e9s de la informaci\u00f3n de<br>las personas participantes, pudieron priorizar las necesidades importantes para cada provincia. Se<br>levant\u00f3 informaci\u00f3n a partir de la que ya se ten\u00eda en la Estrategia de Desarrollo Regional, en la cual<br>cada provincia presentaba 19 necesidades. Se trabajaron estas necesidades en cada una de las<br>provincias, se eligieron y priorizaron tres y cuatro, indicando algunas ideas de soluci\u00f3n de<br>actividades, de objetivos, de alianzas estrat\u00e9gicas, desde la misma comunidad.<br>Al respecto la Delegada Luz Berm\u00fadez explica que \u201cLa Universidad de Magallanes, a trav\u00e9s del \u00e1rea<br>de \u201cVinculaci\u00f3n con el Medio\u201d realiza estudios en las distintas provincias sobre las necesidades<br>socio-comunitarias, que si bien, junto a las Delegadas provinciales. tenemos un diagn\u00f3stico claro,<br>este estudio nos permite dar a ese diagn\u00f3stico, un soporte y un fundamento m\u00e1s formal y t\u00e9cnico,<br>en el momento de nosotros poder delinear las pol\u00edticas p\u00fablicas que est\u00e9n focalizadas y orientadas<br>a las realidades territoriales y tambi\u00e9n generar esta asociaci\u00f3n con la Universidad de Magallanes<br>que es un aliado estrat\u00e9gico y que nos permite tambi\u00e9n ir resolviendo cosas a corto, mediano y<br>largo plazo\u201d.<br>Por su parte, la Directora Lorena Aguilar Soto, indica que \u201cComo universidad es muy importante<br>tener un v\u00ednculo directo y permanente con la Delegaci\u00f3n, porque tambi\u00e9n es la puerta que nos<br>permite vincularnos con los diferentes Ministerios, Seremis y abordar los temas de manera mucho<\/p>\n\n\n\n<p>m\u00e1s coordinada. Poner nuestros esfuerzos de manera coordinada para atender estas necesidades,<br>de acuerdo a las \u00e1reas, o los temas que la misma comunidad y territorio pudo priorizar. Por lo tanto,<br>vincular la universidad con la Delegaci\u00f3n regional, permite tener esta coordinaci\u00f3n m\u00e1s permanente<br>en el tiempo para atender estas necesidades\u201d.<br>Lorena Aguilar manifiesta haber tenido una muy buena respuesta de la Delegada regional y tambi\u00e9n<br>desde las Delegaciones provinciales: \u201cNos ayudaron desde la coordinaci\u00f3n, difusi\u00f3n, convocatoria.<br>Nos acompa\u00f1aron en los encuentros que realizamos en el mes de diciembre del 2022 y enero 2023<br>en algunas provincias y quedamos en esta instancia del d\u00eda de hoy, para poder coordinar las<br>acciones que desde la universidad podamos desplegar en un futuro\u201d.<br>En ese sentido la Delegada Presidencial reafirma lo anterior manifestando que \u201cLa idea es seguir<br>manteniendo este contacto con la Universidad, conversamos tambi\u00e9n sobre pensar el desaf\u00edo que<br>significa poder dar respuesta a la comunidad de sus inquietudes; del trabajo que podr\u00edamos hacer<br>en conjunto. La idea es poder fortalecer, y en el fondo optimizar, los recursos, sobre todo en<br>provincias que necesitan m\u00e1s aliados que nunca\u201d.<br>Al ser consultada la autoridad respecto a las necesidades percibidas, indica que \u201cEs transversal en<br>todas las provincias la necesidad en salud y bienestar en general y de ah\u00ed que nos hace mucho<br>sentido con el Plan de cuidados y el piloto de la pol\u00edtica de cuidados que queremos iniciar desde ac\u00e1<br>de Magallanes y para eso va a ser s\u00faper importante el trabajo en red, los recursos y la disposici\u00f3n,<br>incluso, de alumnos y alumnas de la Universidad para poder sacar adelante este piloto y que<br>Magallanes, una vez m\u00e1s, sea pionero y un ejemplo para el resto del pa\u00eds\u201d.<\/p>\n","protected":false},"excerpt":{"rendered":"<p>Durante la jornada de ayer, la Delegada Presidencial Regional, Luz Berm\u00fadez Sandoval, se reuni\u00f3con el equipo de Vinculaci\u00f3n con el Medio de la Universidad de Magallanes, compuesto por LorenaAguilar Soto,&#8230; <a class=\"read-more\" href=\"https:\/\/www.radiopresidenteibanez.cl\/web\/alianza-estrategica-de-trabajo-en-el-territorio-entre-delegaciones-presidenciales-y-umag\/\">Leer m\u00e1s<\/a><\/p>\n","protected":false},"author":2,"featured_media":38560,"comment_status":"closed","ping_status":"closed","sticky":false,"template":"","format":"standard","meta":{"footnotes":""},"categories":[1],"tags":[],"class_list":["post-38559","post","type-post","status-publish","format-standard","has-post-thumbnail","hentry","category-cronica"],"_links":{"self":[{"href":"https:\/\/www.radiopresidenteibanez.cl\/web\/wp-json\/wp\/v2\/posts\/38559","targetHints":{"allow":["GET"]}}],"collection":[{"href":"https:\/\/www.radiopresidenteibanez.cl\/web\/wp-json\/wp\/v2\/posts"}],"about":[{"href":"https:\/\/www.radiopresidenteibanez.cl\/web\/wp-json\/wp\/v2\/types\/post"}],"author":[{"embeddable":true,"href":"https:\/\/www.radiopresidenteibanez.cl\/web\/wp-json\/wp\/v2\/users\/2"}],"replies":[{"embeddable":true,"href":"https:\/\/www.radiopresidenteibanez.cl\/web\/wp-json\/wp\/v2\/comments?post=38559"}],"version-history":[{"count":0,"href":"https:\/\/www.radiopresidenteibanez.cl\/web\/wp-json\/wp\/v2\/posts\/38559\/revisions"}],"wp:featuredmedia":[{"embeddable":true,"href":"https:\/\/www.radiopresidenteibanez.cl\/web\/wp-json\/wp\/v2\/media\/38560"}],"wp:attachment":[{"href":"https:\/\/www.radiopresidenteibanez.cl\/web\/wp-json\/wp\/v2\/media?parent=38559"}],"wp:term":[{"taxonomy":"category","embeddable":true,"href":"https:\/\/www.radiopresidenteibanez.cl\/web\/wp-json\/wp\/v2\/categories?post=38559"},{"taxonomy":"post_tag","embeddable":true,"href":"https:\/\/www.radiopresidenteibanez.cl\/web\/wp-json\/wp\/v2\/tags?post=38559"}],"curies":[{"name":"wp","href":"https:\/\/api.w.org\/{rel}","templated":true}]}}