{"id":38525,"date":"2023-03-29T16:47:00","date_gmt":"2023-03-29T19:47:00","guid":{"rendered":"https:\/\/www.radiopresidenteibanez.cl\/web\/?p=38525"},"modified":"2023-03-29T15:33:32","modified_gmt":"2023-03-29T18:33:32","slug":"con-alegria-la-comunidad-educativa-celebro-la-reapertura-del-jardin-infantil-los-cisnes","status":"publish","type":"post","link":"https:\/\/www.radiopresidenteibanez.cl\/web\/con-alegria-la-comunidad-educativa-celebro-la-reapertura-del-jardin-infantil-los-cisnes\/","title":{"rendered":"<strong><u>Con alegr\u00eda la comunidad educativa celebr\u00f3 la reapertura del Jard\u00edn Infantil \u201cLos Cisnes\u201d<\/u><\/strong>"},"content":{"rendered":"\n<p>Yessi Bonicioli Prieto fue p\u00e1rvula del antiguo Jard\u00edn Infantil \u201cLos Cisnes\u201d de Puerto Natales y hoy est\u00e1 de vuelta en la comunidad educativa, pero esta vez como apoderada. Ella fue una de las protagonistas de la ceremonia de reapertura del recinto, el que fue sometido a una conservaci\u00f3n, que demand\u00f3 una inversi\u00f3n institucional de $686.743.659. \u201cVeo que las educadoras y t\u00e9cnicos son igual de c\u00e1lidas que cuando yo era ni\u00f1a. Es emocionante que hoy esto se repita con mi hija\u201d, afirm\u00f3.<\/p>\n\n\n\n<p>Yessi fue y es testigo del desarrollo de la infraestructura del recinto, administrado por la Junta Nacional de Jardines Infantiles (JUNJI), en calle Yungay 440. En 734 metros cuadrados, se eliminaron los pilares del patio interior central, dejando una sola columna y se aument\u00f3 el volumen vertical de la construcci\u00f3n. Ahora se cuenta con un patio de caucho, nueva fachada para el ahorro de energ\u00eda y comodidad t\u00e9rmica, con una nueva apariencia, colorida y renovada.<\/p>\n\n\n\n<p>Las instalaciones el\u00e9ctricas, la iluminaci\u00f3n, el agua potable, alcantarillado y calefacci\u00f3n tienen nuevas redes y artefactos, hay nueva \u00e1rea de servicios, revestimientos interiores, tanto de cielos como muros y pisos, con puertas y ventanas de alta calidad y resistencia t\u00e9rmica, para una nueva experiencia de los espacios.<\/p>\n\n\n\n<p>La unidad ahora tiene cuatro estacionamientos para autom\u00f3viles y seis para bicicletas, con accesibilidad para todas y todos y una inversi\u00f3n en luz natural, gracias al aumento de ventanales.<\/p>\n\n\n\n<p>La construcci\u00f3n aspira a la calidad del espacio educativo parvulario, potenciando las caracter\u00edsticas biopsicosociales de los usuarios, 172 p\u00e1rvulos, de las actividades y din\u00e1micas pedag\u00f3gicas que ser\u00e1n desarrolladas, aportando al m\u00e1ximo potencial f\u00edsico, cognitivo, social y emocional de las ni\u00f1as y los ni\u00f1os, con criterios clim\u00e1ticos, de habitabilidad y accesibilidad.<\/p>\n\n\n\n<p>La ex t\u00e9cnico en educaci\u00f3n de p\u00e1rvulos del recinto, Tania Barrientos Gallegos, manifest\u00f3 estar \u201cmuy contenta porque qued\u00f3 muy lindo el jard\u00edn. Era un sue\u00f1o que se hizo realidad. Estoy orgullosa por el bello lugar de trabajo y por las ni\u00f1as y los ni\u00f1os, que se merecen esto\u201d.<\/p>\n\n\n\n<p>La nueva encargada del recinto, la educadora Marcela Andrades Alfaro, dijo que \u201cel establecimiento muestra que toda educaci\u00f3n parvularia debe ser la mejor, una educaci\u00f3n p\u00fablica de calidad, con infraestructura y condiciones \u00f3ptimas. Invito a las familias a construir una relaci\u00f3n estrecha con nosotras. Muchas gracias a todas y todos los que hicieron posible esta realidad\u201d.<\/p>\n\n\n\n<p>La directora regional (S) de la JUNJI, Marisol Villegas N\u00fa\u00f1ez, llam\u00f3 a la comunidad a vivir mejores experiencias educativas, considerando la nueva infraestructura existente.<\/p>\n\n\n\n<p>La alcaldesa de Natales, Antonieta Oyarzo Alvarado, habl\u00f3 de \u201cun nuevo hogar y nuevas esperanzas. Hay alegr\u00eda y entusiasmo. Esto se construy\u00f3 con cari\u00f1o. Se trata de una infraestructura adecuada, con m\u00e1s recursos humanos y mayores espacios. Les deseo alegr\u00eda, que educar siempre sea un gesto de amor, unidad y compa\u00f1erismo\u201d.<\/p>\n\n\n\n<p>En tanto, el secretario regional ministerial de Educaci\u00f3n, Valent\u00edn Aguilera G\u00f3mez, afirm\u00f3 que \u201cNatales hace un trabajo destacable en todos los niveles. Podemos ofrecer educaci\u00f3n de calidad. Felicitaciones al equipo de la JUNJI, adem\u00e1s, por el Reconocimiento Oficial del 100% de sus establecimientos en la Regi\u00f3n de Magallanes y de la Ant\u00e1rtica Chilena. Las ni\u00f1as y los ni\u00f1os quedan en buenas manos y con las herramientas necesarias para su desarrollo personal\u201d.<\/p>\n\n\n\n<p>Finalmente, la delegada presidencial provincial de \u00daltima Esperanza, Romina \u00c1lvarez Alarc\u00f3n, a nombre del Presidente de la Rep\u00fablica, Gabriel Boric Font, reconoci\u00f3 a la comunidad educativa \u201cpor su empe\u00f1o y dedicaci\u00f3n, por sus esperanzas y por servir a un futuro mejor. El gobierno tiene el compromiso de seguir trabajando por una educaci\u00f3n de calidad, con espacios dignos y un plan de reactivaci\u00f3n, que impacte en la calidad de vida de los habitantes de \u00daltima Esperanza\u201d.<\/p>\n","protected":false},"excerpt":{"rendered":"<p>Yessi Bonicioli Prieto fue p\u00e1rvula del antiguo Jard\u00edn Infantil \u201cLos Cisnes\u201d de Puerto Natales y hoy est\u00e1 de vuelta en la comunidad educativa, pero esta vez como apoderada. Ella fue&#8230; <a class=\"read-more\" href=\"https:\/\/www.radiopresidenteibanez.cl\/web\/con-alegria-la-comunidad-educativa-celebro-la-reapertura-del-jardin-infantil-los-cisnes\/\">Leer m\u00e1s<\/a><\/p>\n","protected":false},"author":2,"featured_media":38526,"comment_status":"closed","ping_status":"closed","sticky":false,"template":"","format":"standard","meta":{"footnotes":""},"categories":[1],"tags":[],"class_list":["post-38525","post","type-post","status-publish","format-standard","has-post-thumbnail","hentry","category-cronica"],"_links":{"self":[{"href":"https:\/\/www.radiopresidenteibanez.cl\/web\/wp-json\/wp\/v2\/posts\/38525","targetHints":{"allow":["GET"]}}],"collection":[{"href":"https:\/\/www.radiopresidenteibanez.cl\/web\/wp-json\/wp\/v2\/posts"}],"about":[{"href":"https:\/\/www.radiopresidenteibanez.cl\/web\/wp-json\/wp\/v2\/types\/post"}],"author":[{"embeddable":true,"href":"https:\/\/www.radiopresidenteibanez.cl\/web\/wp-json\/wp\/v2\/users\/2"}],"replies":[{"embeddable":true,"href":"https:\/\/www.radiopresidenteibanez.cl\/web\/wp-json\/wp\/v2\/comments?post=38525"}],"version-history":[{"count":0,"href":"https:\/\/www.radiopresidenteibanez.cl\/web\/wp-json\/wp\/v2\/posts\/38525\/revisions"}],"wp:featuredmedia":[{"embeddable":true,"href":"https:\/\/www.radiopresidenteibanez.cl\/web\/wp-json\/wp\/v2\/media\/38526"}],"wp:attachment":[{"href":"https:\/\/www.radiopresidenteibanez.cl\/web\/wp-json\/wp\/v2\/media?parent=38525"}],"wp:term":[{"taxonomy":"category","embeddable":true,"href":"https:\/\/www.radiopresidenteibanez.cl\/web\/wp-json\/wp\/v2\/categories?post=38525"},{"taxonomy":"post_tag","embeddable":true,"href":"https:\/\/www.radiopresidenteibanez.cl\/web\/wp-json\/wp\/v2\/tags?post=38525"}],"curies":[{"name":"wp","href":"https:\/\/api.w.org\/{rel}","templated":true}]}}