{"id":38500,"date":"2023-03-28T18:34:00","date_gmt":"2023-03-28T21:34:00","guid":{"rendered":"https:\/\/www.radiopresidenteibanez.cl\/web\/?p=38500"},"modified":"2023-03-28T16:02:13","modified_gmt":"2023-03-28T19:02:13","slug":"enap-celebra-el-primer-contrato-con-distribuidor-minorista-para-venta-regular-de-gas-de-chile","status":"publish","type":"post","link":"https:\/\/www.radiopresidenteibanez.cl\/web\/enap-celebra-el-primer-contrato-con-distribuidor-minorista-para-venta-regular-de-gas-de-chile\/","title":{"rendered":"<strong>ENAP celebra el primer contrato con distribuidor minorista para venta regular de Gas de Chile<\/strong>"},"content":{"rendered":"\n<p>La empresa distribuidora Suma Gas pr\u00f3ximamente sacar\u00e1 a la venta los primeros cilindros de Gas de Chile, tras haber firmado el primer contrato de distribuci\u00f3n con esta filial de la Empresa Nacional del Petr\u00f3leo (ENAP).&nbsp;&nbsp;<\/p>\n\n\n\n<p>La firma del primer contrato de distribuci\u00f3n se efectu\u00f3 en las dependencias de ENAP en Santiago \u2014a solo tres meses de que la estatal anunciara que entrar\u00eda en el mercado del gas licuado GLP\u2014 con la concurrencia de del gerente general de ENAP, Julio Friedmann, la gerenta comercial ENAP, Yasna Ross y gerente general y propietario de Suma Gas, Daniel Rojas.&nbsp;&nbsp;<\/p>\n\n\n\n<p>\u201cEste acuerdo beneficia a Suma Gas y a ENAP y por sobre todo a nuestros futuros clientes. Nos permitir\u00e1 abarcar un mayor territorio, al que ten\u00edamos planificado entrar y los clientes se ver\u00e1n beneficiados porque somos una de las empresas de menor costo con distribuci\u00f3n propia, sin subdistribuidores ni intermediarios, como ocurre hoy, donde las grandes empresas de gas contratan distribuidores y estos a su vez subcontratan distribuidores, lo que va encareciendo el producto final\u201d, explica Rojas.&nbsp;<\/p>\n\n\n\n<p>Para el gerente general de ENAP, Julio Friedmann, la concreci\u00f3n de este acuerdo comercial con Suma Gas demuestra el gran inter\u00e9s que despert\u00f3 el proyecto Gas de Chile, donde ENAP pasa a formar parte del mercado mayorista industria del gas licuado de GLP; \u201ctambi\u00e9n \u2014afirma Friedmann\u2014 esta nueva l\u00ednea de negocio fortalece a ENAP pues se trata de una inversi\u00f3n responsable y financieramente estable\u201d.&nbsp;&nbsp;<\/p>\n\n\n\n<p>Friedmann explica que Gas de Chile permite que ENAP se desarrolle como distribuidor mayorista y abra el mercado como una cuarta marca que introduzca m\u00e1s competencia y aumente los cilindros disponibles en las regiones de O\u00b4Higgins y Maule, principalmente.&nbsp;&nbsp;<\/p>\n\n\n\n<p>En el mediano plazo, la compa\u00f1\u00eda proyecta introducir 60 mil cilindros de marca propia, los que se caracterizan por ser fucsia o magenta, y que estos generen cerca de 300 mil recargas anuales.&nbsp;&nbsp;<\/p>\n\n\n\n<p>A la fecha, la planta de San Fernando se encuentra operativa y prontamente estaremos listos para partir tambi\u00e9n en la planta de Linares, esta \u00faltima ubicada en Longav\u00ed, las que est\u00e1n en obras de ampliaci\u00f3n que permitir\u00e1n la gesti\u00f3n, manejo y acopio de los 60 mil cilindros de Gas de Chile.&nbsp;&nbsp;<\/p>\n\n\n\n<p>La decisi\u00f3n de ingresar al mercado del gas licuado de GLP, ENAP la tom\u00f3 tras la ejecuci\u00f3n del plan piloto no comercial, que implement\u00f3 entre mayo y diciembre de 2022. Esa experiencia permiti\u00f3 a ENAP evaluar su desempe\u00f1o, adquirir conocimiento y determinar el mercado abordable donde la estatal es competitiva.&nbsp;&nbsp;<\/p>\n","protected":false},"excerpt":{"rendered":"<p>La empresa distribuidora Suma Gas pr\u00f3ximamente sacar\u00e1 a la venta los primeros cilindros de Gas de Chile, tras haber firmado el primer contrato de distribuci\u00f3n con esta filial de la&#8230; <a class=\"read-more\" href=\"https:\/\/www.radiopresidenteibanez.cl\/web\/enap-celebra-el-primer-contrato-con-distribuidor-minorista-para-venta-regular-de-gas-de-chile\/\">Leer m\u00e1s<\/a><\/p>\n","protected":false},"author":2,"featured_media":38501,"comment_status":"closed","ping_status":"closed","sticky":false,"template":"","format":"standard","meta":{"footnotes":""},"categories":[1],"tags":[],"class_list":["post-38500","post","type-post","status-publish","format-standard","has-post-thumbnail","hentry","category-cronica"],"_links":{"self":[{"href":"https:\/\/www.radiopresidenteibanez.cl\/web\/wp-json\/wp\/v2\/posts\/38500","targetHints":{"allow":["GET"]}}],"collection":[{"href":"https:\/\/www.radiopresidenteibanez.cl\/web\/wp-json\/wp\/v2\/posts"}],"about":[{"href":"https:\/\/www.radiopresidenteibanez.cl\/web\/wp-json\/wp\/v2\/types\/post"}],"author":[{"embeddable":true,"href":"https:\/\/www.radiopresidenteibanez.cl\/web\/wp-json\/wp\/v2\/users\/2"}],"replies":[{"embeddable":true,"href":"https:\/\/www.radiopresidenteibanez.cl\/web\/wp-json\/wp\/v2\/comments?post=38500"}],"version-history":[{"count":0,"href":"https:\/\/www.radiopresidenteibanez.cl\/web\/wp-json\/wp\/v2\/posts\/38500\/revisions"}],"wp:featuredmedia":[{"embeddable":true,"href":"https:\/\/www.radiopresidenteibanez.cl\/web\/wp-json\/wp\/v2\/media\/38501"}],"wp:attachment":[{"href":"https:\/\/www.radiopresidenteibanez.cl\/web\/wp-json\/wp\/v2\/media?parent=38500"}],"wp:term":[{"taxonomy":"category","embeddable":true,"href":"https:\/\/www.radiopresidenteibanez.cl\/web\/wp-json\/wp\/v2\/categories?post=38500"},{"taxonomy":"post_tag","embeddable":true,"href":"https:\/\/www.radiopresidenteibanez.cl\/web\/wp-json\/wp\/v2\/tags?post=38500"}],"curies":[{"name":"wp","href":"https:\/\/api.w.org\/{rel}","templated":true}]}}