{"id":3850,"date":"2019-05-02T19:22:58","date_gmt":"2019-05-02T19:22:58","guid":{"rendered":"http:\/\/www.radiopresidenteibanez.cl\/web\/?p=3850"},"modified":"2019-05-02T19:23:39","modified_gmt":"2019-05-02T19:23:39","slug":"gabriel-boric-se-despliega-en-puerto-williams-y-se-reune-con-alcalde-y-comunidades-para-abordar-proyecto-que-excluye-la-actividad-salmonicola-en-reservas-nacionales-y-areas-de-desarrollo-indigena","status":"publish","type":"post","link":"https:\/\/www.radiopresidenteibanez.cl\/web\/gabriel-boric-se-despliega-en-puerto-williams-y-se-reune-con-alcalde-y-comunidades-para-abordar-proyecto-que-excluye-la-actividad-salmonicola-en-reservas-nacionales-y-areas-de-desarrollo-indigena\/","title":{"rendered":"GABRIEL BORIC SE DESPLIEGA EN PUERTO WILLIAMS Y SE RE\u00daNE CON ALCALDE Y COMUNIDADES PARA ABORDAR PROYECTO QUE EXCLUYE LA ACTIVIDAD SALMON\u00cdCOLA EN RESERVAS NACIONALES Y \u00c1REAS DE DESARROLLO IND\u00cdGENA"},"content":{"rendered":"\n<p> A primera hora de este lunes el diputado del Frente Amplio, Gabriel Boric, lleg\u00f3 a la comuna m\u00e1s austral de Chile para realizar diversas actividades. La primera, una reuni\u00f3n con el alcalde Patricio Fern\u00e1ndez donde convers\u00f3 sobre los esfuerzos conjuntos para detener a la industria de la salmonicultura en el Canal Beagle, adem\u00e1s de las proyecciones de crecimiento de la ciudad.<br><br>Tras la cita, el parlamentario se\u00f1al\u00f3: \u201cTuvimos una muy buena reuni\u00f3n con el alcalde de Puerto Williams, Patricio Fern\u00e1ndez, donde tratamos principalmente las acciones que se han desarrollado desde la comunidad, en particular la comunidad yagana, pero tambi\u00e9n de los habitantes de Puerto Williams para frenar el avance de la salmoniculura en el Canal Beagle en donde la Municipalidad ha tenido una participaci\u00f3n relevante presentando recursos ante la Contralor\u00eda General de la Rep\u00fablica. Por nuestra parte, nos comprometimos en apoyar las gestiones porque nos parece muy importante que tanto a nivel regional y binacional, en conjunto con Argentina, nos preocupemos por cuidar un medioambiente pr\u00edstino como es el de Isla Navarino y el Canal Beagle\u201d.<br><br>El diputado Boric agreg\u00f3 que en la cita con el edil se abord\u00f3 el nuevo Plan Regulador de la comuna \u201crevisamos el nuevo plano que fue ingresado en Contralor\u00eda hace un mes, el que extiende cerca de cuatro veces el terreno que actualmente ocupa Puerto Williams. Vimos adem\u00e1s las necesidades de vivienda que tiene la poblaci\u00f3n y conversamos respecto a c\u00f3mo trabajamos en integraci\u00f3n para que la ciudad vaya creciendo de manera coherente e integrada socialmente. Fue una muy buena reuni\u00f3n, quedamos conformes y compartimos adem\u00e1s parte de nuestro trabajo legislativo\u201d puntualiz\u00f3 el parlamentario.<br><br>El parlamentario del Frente Amplio y parte de su equipo realiz\u00f3 adem\u00e1s el d\u00eda lunes, martes y mi\u00e9rcoles un puerta a puerta en el que entreg\u00f3 el bolet\u00edn informativo de la diputaci\u00f3n donde se da cuenta del trabajo legislativo y territorial y explic\u00f3 el proyecto de ley ingresado en el Congreso en Valpara\u00edso. Adem\u00e1s estuvo en Radio Navarino, en la Cuenta P\u00fablica de la Municipalidad de Cabo de Hornos y particip\u00f3 en un conversatorio con la comunidad organizado por su equipo territorial. <\/p>\n\n\n\n<figure class=\"wp-block-image\"><img loading=\"lazy\" decoding=\"async\" width=\"1024\" height=\"768\" src=\"https:\/\/www.radiopresidenteibanez.cl\/web\/wp-content\/uploads\/2019\/05\/unnamed-1024x768.jpg\" alt=\"\" class=\"wp-image-3851\" srcset=\"https:\/\/www.radiopresidenteibanez.cl\/web\/wp-content\/uploads\/2019\/05\/unnamed-1024x768.jpg 1024w, https:\/\/www.radiopresidenteibanez.cl\/web\/wp-content\/uploads\/2019\/05\/unnamed-300x225.jpg 300w, https:\/\/www.radiopresidenteibanez.cl\/web\/wp-content\/uploads\/2019\/05\/unnamed-768x576.jpg 768w, https:\/\/www.radiopresidenteibanez.cl\/web\/wp-content\/uploads\/2019\/05\/unnamed.jpg 1280w\" sizes=\"auto, (max-width: 1024px) 100vw, 1024px\" \/><\/figure>\n","protected":false},"excerpt":{"rendered":"<p>A primera hora de este lunes el diputado del Frente Amplio, Gabriel Boric, lleg\u00f3 a la comuna m\u00e1s austral de Chile para realizar diversas actividades. La primera, una reuni\u00f3n con&#8230; <a class=\"read-more\" href=\"https:\/\/www.radiopresidenteibanez.cl\/web\/gabriel-boric-se-despliega-en-puerto-williams-y-se-reune-con-alcalde-y-comunidades-para-abordar-proyecto-que-excluye-la-actividad-salmonicola-en-reservas-nacionales-y-areas-de-desarrollo-indigena\/\">Leer m\u00e1s<\/a><\/p>\n","protected":false},"author":2,"featured_media":3851,"comment_status":"closed","ping_status":"closed","sticky":false,"template":"","format":"standard","meta":{"footnotes":""},"categories":[1],"tags":[],"class_list":["post-3850","post","type-post","status-publish","format-standard","has-post-thumbnail","hentry","category-cronica"],"_links":{"self":[{"href":"https:\/\/www.radiopresidenteibanez.cl\/web\/wp-json\/wp\/v2\/posts\/3850","targetHints":{"allow":["GET"]}}],"collection":[{"href":"https:\/\/www.radiopresidenteibanez.cl\/web\/wp-json\/wp\/v2\/posts"}],"about":[{"href":"https:\/\/www.radiopresidenteibanez.cl\/web\/wp-json\/wp\/v2\/types\/post"}],"author":[{"embeddable":true,"href":"https:\/\/www.radiopresidenteibanez.cl\/web\/wp-json\/wp\/v2\/users\/2"}],"replies":[{"embeddable":true,"href":"https:\/\/www.radiopresidenteibanez.cl\/web\/wp-json\/wp\/v2\/comments?post=3850"}],"version-history":[{"count":0,"href":"https:\/\/www.radiopresidenteibanez.cl\/web\/wp-json\/wp\/v2\/posts\/3850\/revisions"}],"wp:featuredmedia":[{"embeddable":true,"href":"https:\/\/www.radiopresidenteibanez.cl\/web\/wp-json\/wp\/v2\/media\/3851"}],"wp:attachment":[{"href":"https:\/\/www.radiopresidenteibanez.cl\/web\/wp-json\/wp\/v2\/media?parent=3850"}],"wp:term":[{"taxonomy":"category","embeddable":true,"href":"https:\/\/www.radiopresidenteibanez.cl\/web\/wp-json\/wp\/v2\/categories?post=3850"},{"taxonomy":"post_tag","embeddable":true,"href":"https:\/\/www.radiopresidenteibanez.cl\/web\/wp-json\/wp\/v2\/tags?post=3850"}],"curies":[{"name":"wp","href":"https:\/\/api.w.org\/{rel}","templated":true}]}}