{"id":3847,"date":"2019-05-01T18:47:40","date_gmt":"2019-05-01T18:47:40","guid":{"rendered":"http:\/\/www.radiopresidenteibanez.cl\/web\/?p=3847"},"modified":"2019-05-02T18:58:23","modified_gmt":"2019-05-02T18:58:23","slug":"autoridades-regionales-se-refieren-a-los-principales-aspectos-que-considera-la-reforma-integral-al-sistema-de-salud","status":"publish","type":"post","link":"https:\/\/www.radiopresidenteibanez.cl\/web\/autoridades-regionales-se-refieren-a-los-principales-aspectos-que-considera-la-reforma-integral-al-sistema-de-salud\/","title":{"rendered":"AUTORIDADES REGIONALES SE REFIEREN A LOS PRINCIPALES  ASPECTOS QUE CONSIDERA LA REFORMA INTEGRAL AL SISTEMA DE SALUD"},"content":{"rendered":"\n<p>Asegurar el acceso, atenci\u00f3n y cobertura de\ncalidad son parte de los objetivos de la Reforma Integral al Sistema de Salud,\nque considera reformas al sistema de salud privado de Isapres y el fortalecimiento\ndel Fondo Nacional de Salud P\u00fablica, Fonasa.<\/p>\n\n\n\n<p>Por ello, el intendente Jos\u00e9 Fern\u00e1ndez, las seremis de Salud y de Gobierno, Mariela Rojas y Alejandra Mu\u00f1oz, respectivamente, y el director del Servicio de Salud Magallanes, se refirieron a los principales aspectos que considera la reforma de salud. <\/p>\n\n\n\n<p>La seremi de Salud explic\u00f3 que esta reforma es un gran avance para nuestro pa\u00eds, porque aborda una sentida necesidad de la poblaci\u00f3n. \u201cTodos como comunidad que somos parte del sistema, ya sea p\u00fablico o privado de salud, esperamos un cambio, y ese cambio al estar dado con intervenciones  tanto en Fonasa como en Isapres, da a entender que podemos tener una mejora importante en la salud en Chile. El\nque exista un Plan Universal, que se termine con las carencias y preexistencias, que\nno existan m\u00e1s diferencias en precios entre hombres y mujeres, va a\nimprimirnos a nosotros m\u00e1s tranquilidad como salud p\u00fablica\u201d.<\/p>\n\n\n\n<p>En tanto, el intendente Fern\u00e1ndez inst\u00f3 a los parlamentarios a tener altura de miras en relaci\u00f3n a este Proyecto de Ley que se est\u00e1 presentando. \u201cPoder mejorar el sistema de salud es un anhelo de la ciudadan\u00eda, y este proyecto, entre otros aspectos, considera equiparar el sistema p\u00fablico con lo privado, y en definitiva darle una mejor salud a nuestros conciudadanos\u201d, sostuvo la primera autoridad regional.<\/p>\n\n\n\n<p><strong>FONASA<\/strong><\/p>\n\n\n\n<p>El fortalecimiento de Fonasa busca asegurar una atenci\u00f3n y cobertura de calidad para todas las personas. <\/p>\n\n\n\n<p>Entre las medidas destacan: mayores facultades legales a Fonasa que le permitan asegurar los modelos de atenci\u00f3n y la\nreducci\u00f3n de costos en la salud p\u00fablica; la creaci\u00f3n del seguro de salud para la clase\nmedia, que corresponde a una cobertura financiera especial para dar\nsoluci\u00f3n integral a un problema de salud de alto costo.<\/p>\n\n\n\n<p><strong>ISAPRES\n<\/strong><\/p>\n\n\n\n<p>En tanto, la reforma al sistema de Isapres, busca dotar al sistema de transparencia y solidaridad, reducir las diferencias por edad y estado de salud y eliminar toda diferencia de precios entre hombres y\nmujeres. <\/p>\n\n\n\n<p>Para ello considera la creaci\u00f3n de un Plan de Salud Universal, para que los usuarios de Isapres tengan garant\u00edas de cobertura de salud y puedan tomar sus decisiones con informaci\u00f3n simple y oportuna; se eliminan las pre existencias y carencias, por lo que los usuarios podr\u00e1n elegir libremente su Isapre de acuerdo a sus preferencias y nunca m\u00e1s estar\u00e1n cautivos de una de ellas.<\/p>\n\n\n\n<p>Adem\u00e1s, busca crear un fondo de compensaci\u00f3n\nsolidario entre Isapres, el cual reduce las diferencias de precio por estado\nde salud y edad y elimina toda diferencia de precios entre hombres y\nmujeres.<\/p>\n\n\n\n<p>La seremi de Gobierno, Alejandra Mu\u00f1oz,\nse\u00f1al\u00f3 que desde que se elabor\u00f3 el programa de gobierno del Presidente Sebasti\u00e1n\nPi\u00f1era, es una prioridad reformar la salud para todos los chilenos. <\/p>\n\n\n\n<p>\u201cEsta es una necesidad de todas las familias tanto del sistema p\u00fablico como privado de salud. Esperamos que todos los parlamentarios puedan estar de acuerdo en la idea de legislar para poder dar a Chile un sistema de salud mucho m\u00e1s justo y mucho m\u00e1s equitativo, ya sea para hombres, para mujeres, para personas con preexistencias, que hoy no tienen el sistema de salud que necesitan\u201d, sostuvo Mu\u00f1oz. <\/p>\n\n\n\n<figure class=\"wp-block-image\"><img loading=\"lazy\" decoding=\"async\" width=\"1024\" height=\"683\" src=\"https:\/\/www.radiopresidenteibanez.cl\/web\/wp-content\/uploads\/2019\/05\/a8a6a2fd-0f2d-48b5-ae08-db3ec743cf41-1024x683.jpg\" alt=\"\" class=\"wp-image-3848\" srcset=\"https:\/\/www.radiopresidenteibanez.cl\/web\/wp-content\/uploads\/2019\/05\/a8a6a2fd-0f2d-48b5-ae08-db3ec743cf41-1024x683.jpg 1024w, https:\/\/www.radiopresidenteibanez.cl\/web\/wp-content\/uploads\/2019\/05\/a8a6a2fd-0f2d-48b5-ae08-db3ec743cf41-300x200.jpg 300w, https:\/\/www.radiopresidenteibanez.cl\/web\/wp-content\/uploads\/2019\/05\/a8a6a2fd-0f2d-48b5-ae08-db3ec743cf41-768x512.jpg 768w, https:\/\/www.radiopresidenteibanez.cl\/web\/wp-content\/uploads\/2019\/05\/a8a6a2fd-0f2d-48b5-ae08-db3ec743cf41.jpg 1280w\" sizes=\"auto, (max-width: 1024px) 100vw, 1024px\" \/><\/figure>\n","protected":false},"excerpt":{"rendered":"<p>Asegurar el acceso, atenci\u00f3n y cobertura de calidad son parte de los objetivos de la Reforma Integral al Sistema de Salud, que considera reformas al sistema de salud privado de&#8230; <a class=\"read-more\" href=\"https:\/\/www.radiopresidenteibanez.cl\/web\/autoridades-regionales-se-refieren-a-los-principales-aspectos-que-considera-la-reforma-integral-al-sistema-de-salud\/\">Leer m\u00e1s<\/a><\/p>\n","protected":false},"author":2,"featured_media":3848,"comment_status":"closed","ping_status":"closed","sticky":false,"template":"","format":"standard","meta":{"footnotes":""},"categories":[1],"tags":[],"class_list":["post-3847","post","type-post","status-publish","format-standard","has-post-thumbnail","hentry","category-cronica"],"_links":{"self":[{"href":"https:\/\/www.radiopresidenteibanez.cl\/web\/wp-json\/wp\/v2\/posts\/3847","targetHints":{"allow":["GET"]}}],"collection":[{"href":"https:\/\/www.radiopresidenteibanez.cl\/web\/wp-json\/wp\/v2\/posts"}],"about":[{"href":"https:\/\/www.radiopresidenteibanez.cl\/web\/wp-json\/wp\/v2\/types\/post"}],"author":[{"embeddable":true,"href":"https:\/\/www.radiopresidenteibanez.cl\/web\/wp-json\/wp\/v2\/users\/2"}],"replies":[{"embeddable":true,"href":"https:\/\/www.radiopresidenteibanez.cl\/web\/wp-json\/wp\/v2\/comments?post=3847"}],"version-history":[{"count":0,"href":"https:\/\/www.radiopresidenteibanez.cl\/web\/wp-json\/wp\/v2\/posts\/3847\/revisions"}],"wp:featuredmedia":[{"embeddable":true,"href":"https:\/\/www.radiopresidenteibanez.cl\/web\/wp-json\/wp\/v2\/media\/3848"}],"wp:attachment":[{"href":"https:\/\/www.radiopresidenteibanez.cl\/web\/wp-json\/wp\/v2\/media?parent=3847"}],"wp:term":[{"taxonomy":"category","embeddable":true,"href":"https:\/\/www.radiopresidenteibanez.cl\/web\/wp-json\/wp\/v2\/categories?post=3847"},{"taxonomy":"post_tag","embeddable":true,"href":"https:\/\/www.radiopresidenteibanez.cl\/web\/wp-json\/wp\/v2\/tags?post=3847"}],"curies":[{"name":"wp","href":"https:\/\/api.w.org\/{rel}","templated":true}]}}