{"id":38466,"date":"2023-03-27T17:55:00","date_gmt":"2023-03-27T20:55:00","guid":{"rendered":"https:\/\/www.radiopresidenteibanez.cl\/web\/?p=38466"},"modified":"2023-03-27T15:39:21","modified_gmt":"2023-03-27T18:39:21","slug":"mop-expone-a-la-comunidad-avances-de-conservaciones-de-los-caminos-del-parque-nacional-torres-del-paine-y-anuncia-el-estado-de-futuros-proyectos-de-mejoramiento-definitivo","status":"publish","type":"post","link":"https:\/\/www.radiopresidenteibanez.cl\/web\/mop-expone-a-la-comunidad-avances-de-conservaciones-de-los-caminos-del-parque-nacional-torres-del-paine-y-anuncia-el-estado-de-futuros-proyectos-de-mejoramiento-definitivo\/","title":{"rendered":"MOP expone a la comunidad avances de conservaciones de los caminos del Parque Nacional Torres del Paine y anuncia el estado de futuros proyectos de mejoramiento definitivo"},"content":{"rendered":"\n<p>El Ministerio de Obras P\u00fablicas, representado por la Seremi de Obras<br>P\u00fablicas, Dahi\u00e1n Oyarz\u00fan, y la Directora Regional de Vialidad, Valeria<br>Oyarzo, se trasladaron hasta Puerto Natales para exponer a la<br>comunidad los avances de las conservaciones que se realizan en los<br>caminos interiores y exteriores del Parque Nacional Torres del Paine.<br>En la actividad, la titular del MOP junto a la Direcci\u00f3n de Vialidad,<br>informaron que junto a estos trabajos, se contempla en el mediano<br>plazo postular a financiamiento la pavimentaci\u00f3n de todos los accesos<br>hasta la Octava Maravilla del Mundo, anunci\u00e1ndose adem\u00e1s el estado<br>actual del proyecto definitivo de mejoramiento de los caminos interiores<br>del Parque Nacional, inform\u00e1ndose a los presentes que se encuentra en<br>etapa de proyecto definitivo un estudio que persigue la pavimentaci\u00f3n<br>de las v\u00edas.<br>\u201cEstuvimos en la ciudad de Puerto Natales para compartir en una<br>actividad de participaci\u00f3n ciudadana junto a la Direcci\u00f3n Regional de<br>Vialidad, para dar a conocer los avances respecto a la conservaci\u00f3n de<br>los caminos que tenemos de acceso al Parque Nacional Torres del Paine<br>y al interior del parque nacional\u201d, se\u00f1al\u00f3 la Seremi Dahi\u00e1n Oyarz\u00fan,<br>informando que: \u201cHemos realizado una convocatoria a la que asistieron<br>vecinos, vecinas y autoridades locales, quienes est\u00e1n muy conformes<br>con los trabajos que ha realizado Vialidad y tambi\u00e9n con los anuncios<br>que indicamos respecto al mediano y largo plazo para una soluci\u00f3n de<br>mejoramiento a estas rutas de acceso a este grandioso parque<br>nacional\u201d.<br>En la actividad, particip\u00f3 la Delegada Presidencial Provincial, Romina<br>\u00c1lvarez, Alcaldesa de Torres del Paine Anah\u00ed C\u00e1rdenas y concejales,<br>Consejera Regional Ximena Monta\u00f1a, dirigentes de la C\u00e1mara de<br>Turismo de \u00daltima Esperanza y dirigentes del rubro hotelero, entre<br>otros.<br>La reuni\u00f3n de participaci\u00f3n ciudadana fue muy valorada por dichos<br>sectores. Alex Mihovilovic, director de la Asociaci\u00f3n de Hoteles y<br>Servicios Tur\u00edsticos de Torres del Paine (Hyst), manifest\u00f3 que:<br>\u201cAgradezco mucho la oportunidad de ser informado acerca del avance<br>de proyectos de mejoramiento vial, saber en qu\u00e9 etapa est\u00e1 cada una<br>de las cosas y recibir buenas noticias de la pavimentaci\u00f3n de acceso al<\/p>\n\n\n\n<p>parque, que son soluciones definitivas, que son lo que buscamos, que<br>nos permitan proyectarnos con tranquilidad tanto a los transportistas<br>como a aquellas personas que tenemos empresas en el parque<br>nacional\u201d.<br>Por su parte, Adriana Aguilar, Gerenta de la C\u00e1mara de Turismo de<br>\u00daltima Esperanza, manifest\u00f3 que \u201crespecto a la planificaci\u00f3n del trabajo<br>que se va a realizar para mejorar la seguridad vial de los caminos de<br>acceso al Parque Nacional Torres del Paine, nos parece muy positivo que<br>se haya bajado esta informaci\u00f3n, porque de esta manera da tranquilidad<br>a todas las personas que transitan todos los d\u00edas por estas rutas\u201d.<br>\u201cTenemos que seguir trabajando de manera colaborativa y seguir<br>entreg\u00e1ndonos mutuamente la informaci\u00f3n respecto a las necesidades,<br>como tambi\u00e9n a las medidas que vienen a solucionar estas<br>problem\u00e1ticas, hay harto trabajo por hacer y harta voluntad para<br>trabajar de manera mancomunada, as\u00ed que me voy con una satisfacci\u00f3n<br>bastante positiva\u201c, a\u00f1adi\u00f3.<br>Quien tambi\u00e9n destac\u00f3 la realizaci\u00f3n de la actividad de participaci\u00f3n<br>ciudadana, fue la consejera regional por la Provincia de \u00daltima<br>Esperanza, Ximena Monta\u00f1a. \u201cQuisiera felicitar el trabajo realizado<br>porque esta es una iniciativa que nunca hab\u00edamos visto, que se venga<br>con el planeamiento concreto, con fechas, datos reales, y en realidad<br>que vengan a decirle la verdad a la gente. Yo creo que los transportistas<br>est\u00e1n aburridos de que a\u00f1o tras a\u00f1o les entregan soluciones que no son<br>concretas sino soluciones parche, y esta es la primera vez que vemos<br>soluciones de verdad, para los transportistas que no solamente<br>consideran la temporada tur\u00edstica sino que la soluci\u00f3n del problema a lo<br>largo de todo el a\u00f1o, as\u00ed que agradecer que est\u00e9n aqu\u00ed, en presencia del<br>territorio y que consideren la opini\u00f3n de quienes trabajan en el parque\u201d,<br>remarc\u00f3.<\/p>\n","protected":false},"excerpt":{"rendered":"<p>El Ministerio de Obras P\u00fablicas, representado por la Seremi de ObrasP\u00fablicas, Dahi\u00e1n Oyarz\u00fan, y la Directora Regional de Vialidad, ValeriaOyarzo, se trasladaron hasta Puerto Natales para exponer a lacomunidad los&#8230; <a class=\"read-more\" href=\"https:\/\/www.radiopresidenteibanez.cl\/web\/mop-expone-a-la-comunidad-avances-de-conservaciones-de-los-caminos-del-parque-nacional-torres-del-paine-y-anuncia-el-estado-de-futuros-proyectos-de-mejoramiento-definitivo\/\">Leer m\u00e1s<\/a><\/p>\n","protected":false},"author":2,"featured_media":38467,"comment_status":"closed","ping_status":"closed","sticky":false,"template":"","format":"standard","meta":{"footnotes":""},"categories":[1],"tags":[],"class_list":["post-38466","post","type-post","status-publish","format-standard","has-post-thumbnail","hentry","category-cronica"],"_links":{"self":[{"href":"https:\/\/www.radiopresidenteibanez.cl\/web\/wp-json\/wp\/v2\/posts\/38466","targetHints":{"allow":["GET"]}}],"collection":[{"href":"https:\/\/www.radiopresidenteibanez.cl\/web\/wp-json\/wp\/v2\/posts"}],"about":[{"href":"https:\/\/www.radiopresidenteibanez.cl\/web\/wp-json\/wp\/v2\/types\/post"}],"author":[{"embeddable":true,"href":"https:\/\/www.radiopresidenteibanez.cl\/web\/wp-json\/wp\/v2\/users\/2"}],"replies":[{"embeddable":true,"href":"https:\/\/www.radiopresidenteibanez.cl\/web\/wp-json\/wp\/v2\/comments?post=38466"}],"version-history":[{"count":0,"href":"https:\/\/www.radiopresidenteibanez.cl\/web\/wp-json\/wp\/v2\/posts\/38466\/revisions"}],"wp:featuredmedia":[{"embeddable":true,"href":"https:\/\/www.radiopresidenteibanez.cl\/web\/wp-json\/wp\/v2\/media\/38467"}],"wp:attachment":[{"href":"https:\/\/www.radiopresidenteibanez.cl\/web\/wp-json\/wp\/v2\/media?parent=38466"}],"wp:term":[{"taxonomy":"category","embeddable":true,"href":"https:\/\/www.radiopresidenteibanez.cl\/web\/wp-json\/wp\/v2\/categories?post=38466"},{"taxonomy":"post_tag","embeddable":true,"href":"https:\/\/www.radiopresidenteibanez.cl\/web\/wp-json\/wp\/v2\/tags?post=38466"}],"curies":[{"name":"wp","href":"https:\/\/api.w.org\/{rel}","templated":true}]}}