{"id":38460,"date":"2023-03-27T16:45:00","date_gmt":"2023-03-27T19:45:00","guid":{"rendered":"https:\/\/www.radiopresidenteibanez.cl\/web\/?p=38460"},"modified":"2023-03-27T15:20:59","modified_gmt":"2023-03-27T18:20:59","slug":"ganaderos-natalinos-reciben-capacitacion-en-el-uso-de-buenas-practicas-del-cerco-electrico","status":"publish","type":"post","link":"https:\/\/www.radiopresidenteibanez.cl\/web\/ganaderos-natalinos-reciben-capacitacion-en-el-uso-de-buenas-practicas-del-cerco-electrico\/","title":{"rendered":"<strong>Ganaderos natalinos reciben capacitaci\u00f3n en el uso de buenas pr\u00e1cticas del cerco el\u00e9ctrico<\/strong>"},"content":{"rendered":"\n<p>Instalar el cerco el\u00e9ctrico de manera adecuada, utilizando los componentes apropiados y considerando las normas de seguridad a partir de las caracter\u00edsticas propias del terreno fueron algunos de los temas te\u00f3ricos y pr\u00e1cticos tratados en la capacitaci\u00f3n realizada a 14 peque\u00f1os ganaderos de Puerto Natales.<\/p>\n\n\n\n<p>Se trata de una necesidad que los propios ganaderos presentaron y que accedieron gracias a una alianza estrat\u00e9gica suscrita entre INDAP e INIA Kampenaike, iniciativa que busca entregar asesor\u00edas pertinentes a los usuarios de INDAP, principalmente del sector ganaderos de la provincia de \u00daltima Esperanza.&nbsp;&nbsp;<\/p>\n\n\n\n<p>En esta primera asesor\u00eda t\u00e9cnica, el investigador Jaime Valenzuela expuso las ventajas y las formas correcta de instalaci\u00f3n.&nbsp;<\/p>\n\n\n\n<p>En tanto, los asistentes de los sectores de Huertos Familiares, Colonia Isabel Riquelme y Seno Obstrucci\u00f3n pudieron poner en pr\u00e1ctica los conocimientos.&nbsp;<\/p>\n\n\n\n<p>Clarina Helmer, Jefa de \u00c1rea de INDAP Puerto Natales, destac\u00f3 la iniciativa y valor\u00f3 la disposici\u00f3n de los investigadores de INIA Kampenaike, Jaime Valenzuela, y Francisco Sale que apoy\u00f3 en la coordinaci\u00f3n del evento, as\u00ed como los instrumentos que cuenta INDAP para apoyar en la adquisici\u00f3n de cerco el\u00e9ctrico.<\/p>\n\n\n\n<p>\u201cLos participantes se mostraron interesados en esta capacitaci\u00f3n, y muchos eval\u00faan pr\u00f3ximas instalaciones que podr\u00edan ser financiadas por costos propios o a trav\u00e9s de subsidios, como concurso SIRSD, o a trav\u00e9s de cr\u00e9ditos de INDAP\u201d, expres\u00f3 Helmer.<\/p>\n\n\n\n<p>Asimismo, precis\u00f3 que en la regi\u00f3n cada vez es m\u00e1s frecuente el uso del cerco el\u00e9ctrico, porque evita p\u00e9rdidas de ovinos y bovinos y ayuda a controlar las rotaciones del pastoreo.&nbsp;<\/p>\n\n\n\n<p>Finamente, Helmer inform\u00f3 que en el mes de junio ya est\u00e1 programada una capacitaci\u00f3n sobre el manejo de invernaderos.<\/p>\n","protected":false},"excerpt":{"rendered":"<p>Instalar el cerco el\u00e9ctrico de manera adecuada, utilizando los componentes apropiados y considerando las normas de seguridad a partir de las caracter\u00edsticas propias del terreno fueron algunos de los temas&#8230; <a class=\"read-more\" href=\"https:\/\/www.radiopresidenteibanez.cl\/web\/ganaderos-natalinos-reciben-capacitacion-en-el-uso-de-buenas-practicas-del-cerco-electrico\/\">Leer m\u00e1s<\/a><\/p>\n","protected":false},"author":2,"featured_media":38461,"comment_status":"closed","ping_status":"closed","sticky":false,"template":"","format":"standard","meta":{"footnotes":""},"categories":[1],"tags":[],"class_list":["post-38460","post","type-post","status-publish","format-standard","has-post-thumbnail","hentry","category-cronica"],"_links":{"self":[{"href":"https:\/\/www.radiopresidenteibanez.cl\/web\/wp-json\/wp\/v2\/posts\/38460","targetHints":{"allow":["GET"]}}],"collection":[{"href":"https:\/\/www.radiopresidenteibanez.cl\/web\/wp-json\/wp\/v2\/posts"}],"about":[{"href":"https:\/\/www.radiopresidenteibanez.cl\/web\/wp-json\/wp\/v2\/types\/post"}],"author":[{"embeddable":true,"href":"https:\/\/www.radiopresidenteibanez.cl\/web\/wp-json\/wp\/v2\/users\/2"}],"replies":[{"embeddable":true,"href":"https:\/\/www.radiopresidenteibanez.cl\/web\/wp-json\/wp\/v2\/comments?post=38460"}],"version-history":[{"count":0,"href":"https:\/\/www.radiopresidenteibanez.cl\/web\/wp-json\/wp\/v2\/posts\/38460\/revisions"}],"wp:featuredmedia":[{"embeddable":true,"href":"https:\/\/www.radiopresidenteibanez.cl\/web\/wp-json\/wp\/v2\/media\/38461"}],"wp:attachment":[{"href":"https:\/\/www.radiopresidenteibanez.cl\/web\/wp-json\/wp\/v2\/media?parent=38460"}],"wp:term":[{"taxonomy":"category","embeddable":true,"href":"https:\/\/www.radiopresidenteibanez.cl\/web\/wp-json\/wp\/v2\/categories?post=38460"},{"taxonomy":"post_tag","embeddable":true,"href":"https:\/\/www.radiopresidenteibanez.cl\/web\/wp-json\/wp\/v2\/tags?post=38460"}],"curies":[{"name":"wp","href":"https:\/\/api.w.org\/{rel}","templated":true}]}}