{"id":38437,"date":"2023-03-27T09:13:00","date_gmt":"2023-03-27T12:13:00","guid":{"rendered":"https:\/\/www.radiopresidenteibanez.cl\/web\/?p=38437"},"modified":"2023-03-27T08:33:00","modified_gmt":"2023-03-27T11:33:00","slug":"anef-y-cft-de-magallanes-firman-convenio-que-entrega-beneficios-a-funcionarios-publicos","status":"publish","type":"post","link":"https:\/\/www.radiopresidenteibanez.cl\/web\/anef-y-cft-de-magallanes-firman-convenio-que-entrega-beneficios-a-funcionarios-publicos\/","title":{"rendered":"Anef y CFT de Magallanes firman convenio que entrega beneficios a funcionarios p\u00fablicos"},"content":{"rendered":"\n<p>La directiva regional de la Agrupaci\u00f3n Nacional de Empleados Fiscales (Anef), viaj\u00f3 a Porvenir<br>para firmar un convenio con el Centro de Formaci\u00f3n T\u00e9cnica (CFT) de Magallanes. El acuerdo<br>tiene como finalidad entregar beneficios a funcionarios y funcionarias fiscales que deseen<br>estudiar una carrera t\u00e9cnica\/profesional en la casa de estudio regional.<br>En la reuni\u00f3n participaron la presidenta regional de Anef, Evelyn Cordova, Claudio Valenzuela,<br>vicepresidente de Finanzas, y Ana Mujica, secretaria regional, quienes fueron recibidos por el<br>equipo acad\u00e9mico de la sede en Tierra del Fuego, encabezado por el rector Christian Quezada.<br>\u201cEs muy importante esta firma de convenio, ya que para nosotros es de real importancia llegar<br>con beneficios concretos a nuestros socios y socias. El convenio viene a entregar una ayuda en<br>el \u00e1mbito educacional y eso tiene mucho valor, m\u00e1s all\u00e1 de lo econ\u00f3mico, para la formaci\u00f3n de<br>nuestros funcionarios\u201d, valor\u00f3 la presidenta regional de Anef.<br>Por su parte, el rector Quezada destac\u00f3 que este acuerdo implica dos \u00e1mbitos: \u201cPrimero un<br>apoyo colaborativo en materia acad\u00e9mica, sobre todo para nuestra carrera t\u00e9cnica de<br>Administraci\u00f3n P\u00fablica, y adem\u00e1s en el \u00e1mbito de beneficios para poder entregar alg\u00fan tipo de<br>descuento para los funcionarios asociados y a sus familias\u201d.<br>Con la firma del documento, los asociados a Anef Magallanes podr\u00e1n optar a un arancel<br>preferencial con un descuento del 20% para estudiar cualquiera de las opciones acad\u00e9micas<br>que dispone el CFT.<\/p>\n","protected":false},"excerpt":{"rendered":"<p>La directiva regional de la Agrupaci\u00f3n Nacional de Empleados Fiscales (Anef), viaj\u00f3 a Porvenirpara firmar un convenio con el Centro de Formaci\u00f3n T\u00e9cnica (CFT) de Magallanes. El acuerdotiene como finalidad&#8230; <a class=\"read-more\" href=\"https:\/\/www.radiopresidenteibanez.cl\/web\/anef-y-cft-de-magallanes-firman-convenio-que-entrega-beneficios-a-funcionarios-publicos\/\">Leer m\u00e1s<\/a><\/p>\n","protected":false},"author":2,"featured_media":38438,"comment_status":"closed","ping_status":"closed","sticky":false,"template":"","format":"standard","meta":{"footnotes":""},"categories":[1],"tags":[],"class_list":["post-38437","post","type-post","status-publish","format-standard","has-post-thumbnail","hentry","category-cronica"],"_links":{"self":[{"href":"https:\/\/www.radiopresidenteibanez.cl\/web\/wp-json\/wp\/v2\/posts\/38437","targetHints":{"allow":["GET"]}}],"collection":[{"href":"https:\/\/www.radiopresidenteibanez.cl\/web\/wp-json\/wp\/v2\/posts"}],"about":[{"href":"https:\/\/www.radiopresidenteibanez.cl\/web\/wp-json\/wp\/v2\/types\/post"}],"author":[{"embeddable":true,"href":"https:\/\/www.radiopresidenteibanez.cl\/web\/wp-json\/wp\/v2\/users\/2"}],"replies":[{"embeddable":true,"href":"https:\/\/www.radiopresidenteibanez.cl\/web\/wp-json\/wp\/v2\/comments?post=38437"}],"version-history":[{"count":0,"href":"https:\/\/www.radiopresidenteibanez.cl\/web\/wp-json\/wp\/v2\/posts\/38437\/revisions"}],"wp:featuredmedia":[{"embeddable":true,"href":"https:\/\/www.radiopresidenteibanez.cl\/web\/wp-json\/wp\/v2\/media\/38438"}],"wp:attachment":[{"href":"https:\/\/www.radiopresidenteibanez.cl\/web\/wp-json\/wp\/v2\/media?parent=38437"}],"wp:term":[{"taxonomy":"category","embeddable":true,"href":"https:\/\/www.radiopresidenteibanez.cl\/web\/wp-json\/wp\/v2\/categories?post=38437"},{"taxonomy":"post_tag","embeddable":true,"href":"https:\/\/www.radiopresidenteibanez.cl\/web\/wp-json\/wp\/v2\/tags?post=38437"}],"curies":[{"name":"wp","href":"https:\/\/api.w.org\/{rel}","templated":true}]}}