{"id":38434,"date":"2023-03-27T08:21:51","date_gmt":"2023-03-27T11:21:51","guid":{"rendered":"https:\/\/www.radiopresidenteibanez.cl\/web\/?p=38434"},"modified":"2023-03-27T08:21:58","modified_gmt":"2023-03-27T11:21:58","slug":"los-cambios-los-hacen-las-mayorias","status":"publish","type":"post","link":"https:\/\/www.radiopresidenteibanez.cl\/web\/los-cambios-los-hacen-las-mayorias\/","title":{"rendered":"LOS CAMBIOS LOS HACEN LAS MAYORIAS"},"content":{"rendered":"\n<p>Amigos y amigas. La semana que concluye, trajo, por fin, buenas noticias para el<br>gobierno progresista. Despu\u00e9s de una campa\u00f1a, que hizo uso de todo su arsenal de recursos,<br>en prensa, radio, TV y medios digitales, la oposici\u00f3n vio frustradas sus intenciones. El Tribunal<br>constitucional rechaz\u00f3 el requerimiento que buscaba declarar inconstitucional, siete de los<br>trece indultos otorgados por el presidente Boric. Una estrategia fallida de la derecha, que<br>buscaba inflingirle una derrota pol\u00edtica al presidente, y generar antecedentes para una eventual<br>acusaci\u00f3n constitucional. Fue una clara victoria para el ejecutivo, y su planteamiento de haber<br>actuado en uso de una facultad constitucional, como se ha venido ejerciendo desde 1990 a la<br>fecha, por todos los presidentes y la presidenta de la rep\u00fablica.<br>En tanto, en el parlamento, sectores populistas, impulsaban la votaci\u00f3n de proyecto de<br>reforma constitucional, para permitir \u201cauto pr\u00e9stamos\u201d, con fondos previsionales. Se trataba de<br>tres iniciativas distintas, que se fundieron para ser votadas en conjunto, y que pretend\u00edan<br>conceder autorizaci\u00f3n para un supuesto pr\u00e9stamo, que part\u00eda en 15% y pod\u00eda llegar a la<br>totalidad de los fondos previsionales. Por ser norma de qu\u00f3rum calificado, el proyecto requer\u00eda<br>89 de 155 integrantes de la c\u00e1mara. Fue una fuerte derrota para el populismo, ya que<br>obtuvieron apenas 39 votos a favor, hubo 96 en contra y 10 abstenciones. Un claro respaldo del<br>parlamento, a la conducci\u00f3n econ\u00f3mica del gobierno, que ha advertido hasta el cansancio, del<br>efecto demoledor en la inflaci\u00f3n, que provocar\u00eda una salida masiva de recursos del ahorro<br>previsional. En lo que fue una semana redonda, despu\u00e9s de seis a\u00f1os de tramitaci\u00f3n, fue<br>aprobado el proyecto de ley de las 40 horas. El proyecto, que fuera presentado en su<br>oportunidad por la diputada Vallejo, otorgar\u00e1 en forma gradual, importantes beneficios a<br>trabajadores y trabajadoras, para compatibilizar la vida laboral y familiar, propendiendo a una<br>mejor calidad de vida. La aprobaci\u00f3n en sala del senado, env\u00eda al proyecto a su tercer tr\u00e1mite a<br>la C\u00e1mara, que debiera aprobar las modificaciones introducidas en la c\u00e1mara alta, quedando el<br>proyecto en condiciones de promulgarse durante el mes de abril, en v\u00edsperas del 1\u00b0 de mayo.<br>A mediados de semana el presidente, realiz\u00f3 un viaje de estado a Rep\u00fablica Dominicana,<br>para participar en la XXVIII Cumbre iberoamericana de jefes de estado y de gobierno. Una<br>cumbre que se realiza desde 1991, y que re\u00fane a 19 pa\u00edses de Am\u00e9rica (Argentina, Bolivia,<br>Brasil, Colombia, Costa Rica, Cuba, Ecuador, El Salvador, Guatemala, Honduras, M\u00e9xico,<br>Nicaragua, Panam\u00e1, Paraguay, Per\u00fa, Rep\u00fablica Dominicana, Uruguay y Venezuela), y tres de la<br>pen\u00ednsula ib\u00e9rica, (Andorra, Espa\u00f1a, Portugal), con los que Chile tiene nexos culturales, o<br>relaciones econ\u00f3micas. En sus intervenciones en la cumbre, el presidente Boric, enunci\u00f3 los<br>conceptos que enmarcan el actuar de nuestro pa\u00eds, durante su mandato: Integraci\u00f3n de<br>Iberoam\u00e9rica, pero con pleno respeto a los DDHH, al estado de derecho y a la democracia. Y en<br>lo que ha sido un rasgo de su postura pol\u00edtica en la izquierda, fustig\u00f3 fuertemente las<br>violaciones a los DDHH de la dictadura de Ortega y Murillo, en Nicaragua. De la cual dijo, \u201cNo<br>saben que la patria se lleva en el alma y la sangre, y no se quita por decreto\u201d. En alusi\u00f3n a los<br>m\u00e1s de 200 disidentes, privados de su nacionalidad, y en especial a los que Chile ha acogido,<\/p>\n\n\n\n<p>concedi\u00e9ndoles la nacionalidad chilena. Otro punto importante, lo marc\u00f3 su declaraci\u00f3n sobre<br>las relaciones con Bolivia, manifestando avances en conversaciones para establecer patrullajes<br>conjuntos en la frontera norte, para evitar el ingreso irregular de personas, a trav\u00e9s de la<br>frontera. Y en relaci\u00f3n a la insistencia del gobierno boliviano en plantear, una reivindicaci\u00f3n<br>mar\u00edtima, se\u00f1al\u00f3 enf\u00e1ticamente \u201cChile no negocia su soberan\u00eda\u201d. Dejando en claro, que nuestro<br>pa\u00eds mantiene una sola posici\u00f3n sobre esta materia, una posici\u00f3n de estado, respetada por los<br>distintos gobiernos. En relaci\u00f3n a la propuesta de los presidentes de Argentina y Brasil, de<br>avanzar hacia una moneda \u00fanica, el presidente descart\u00f3 que dicha opci\u00f3n sea viable en el<br>mediano plazo, ya que la integraci\u00f3n es \u201cun camino largo\u201d, que requiere un conjunto de<br>condiciones previas. Pero se podr\u00eda avanzar en iniciativas como la Alianza del Pac\u00edfico, o el<br>corredor bioce\u00e1nico Argentina, Brasil, Paraguay y Chile. Sobre las urgencias que aquejan al<br>continente, se\u00f1al\u00f3 que las m\u00e1s graves para Chile, hoy son la seguridad y el fen\u00f3meno<br>migratorio. En una frase que sintetiza con claridad su postura, se\u00f1al\u00f3 \u00abno hay bienestar posible<br>si no somos capaces de hacer valer el Estado de derecho, si no defendemos la fuerza de la ley,<br>que no es otra cosa que evitar que prime la ley del m\u00e1s fuerte\u00bb. En un encuentro con j\u00f3venes<br>de Iberoam\u00e9rica, el presidente Boric, el presidente m\u00e1s joven de la cumbre. Llam\u00f3 a los j\u00f3venes<br>a ser contestatarios, y \u00abno estar permanentemente pidiendo permiso\u00bb. Record\u00f3 las palabras del<br>presidente Salvador Allende, a los j\u00f3venes en la Universidad de Guadalajara, cuando dec\u00eda: \u201cSer<br>joven y no ser revolucionario es una contradicci\u00f3n hasta biol\u00f3gica\u00bb. Pero a la vez, reconoci\u00f3<br>que es clave, que una vez que se alcanza el poder, se entienda la diferencia, entre ser parte de<br>la sociedad civil, y ser parte de un gobierno que debe responderle al pa\u00eds entero, y no a un<br>grupo en particular. \u201cPorque los grandes cambios en Latinoam\u00e9rica no los hacen las<br>vanguardias, sino las mayor\u00edas\u00bb.<br>La sensatez de las palabras del presidente Boric, contrastan con declaraciones<br>destempladas, que formularon dirigentes de la oposici\u00f3n, incluido el ex presidente Pi\u00f1era, la<br>semana anterior. Un sector de la pol\u00edtica, que defiende el estatus quo, tensiona nuestra<br>convivencia democr\u00e1tica, con ataques continuos, poniendo condiciones, incluso para sentarse a<br>conversar. En una perspectiva hist\u00f3rica, pareciera que estamos en un tr\u00e1nsito eterno,<br>navegando a los bandazos, con el tim\u00f3n a la izquierda o a la derecha. No progresan los pueblos,<br>sin acuerdos ni consensos. Y si seguimos esperando las pr\u00f3ximas elecciones para salir del<br>empate, no haremos m\u00e1s que repetir el ciclo sin fin. La construcci\u00f3n de una mayor\u00eda social y<br>pol\u00edtica, que permita a Chile avanzar hacia otro estadio de su desarrollo, requiere la<br>concurrencia de todos. Y hay que partir por lo m\u00e1s b\u00e1sico. El presidente ha invitado a todas las<br>fuerzas pol\u00edticas, a trabajar en unidad para garantizar la seguridad de la poblaci\u00f3n, para<br>derrotar al crimen organizado, a las bandas narco que act\u00faan con crueldad sanguinaria. En<br>torno a ese objetivo, no cabe buscar ganancias de la pelea chica. S\u00f3lo en unidad lograremos<br>prevalecer.<br>Ernesto Sep\u00falveda Tornero<\/p>\n","protected":false},"excerpt":{"rendered":"<p>Amigos y amigas. La semana que concluye, trajo, por fin, buenas noticias para elgobierno progresista. Despu\u00e9s de una campa\u00f1a, que hizo uso de todo su arsenal de recursos,en prensa, radio,&#8230; <a class=\"read-more\" href=\"https:\/\/www.radiopresidenteibanez.cl\/web\/los-cambios-los-hacen-las-mayorias\/\">Leer m\u00e1s<\/a><\/p>\n","protected":false},"author":2,"featured_media":38435,"comment_status":"closed","ping_status":"closed","sticky":false,"template":"","format":"standard","meta":{"footnotes":""},"categories":[1],"tags":[],"class_list":["post-38434","post","type-post","status-publish","format-standard","has-post-thumbnail","hentry","category-cronica"],"_links":{"self":[{"href":"https:\/\/www.radiopresidenteibanez.cl\/web\/wp-json\/wp\/v2\/posts\/38434","targetHints":{"allow":["GET"]}}],"collection":[{"href":"https:\/\/www.radiopresidenteibanez.cl\/web\/wp-json\/wp\/v2\/posts"}],"about":[{"href":"https:\/\/www.radiopresidenteibanez.cl\/web\/wp-json\/wp\/v2\/types\/post"}],"author":[{"embeddable":true,"href":"https:\/\/www.radiopresidenteibanez.cl\/web\/wp-json\/wp\/v2\/users\/2"}],"replies":[{"embeddable":true,"href":"https:\/\/www.radiopresidenteibanez.cl\/web\/wp-json\/wp\/v2\/comments?post=38434"}],"version-history":[{"count":0,"href":"https:\/\/www.radiopresidenteibanez.cl\/web\/wp-json\/wp\/v2\/posts\/38434\/revisions"}],"wp:featuredmedia":[{"embeddable":true,"href":"https:\/\/www.radiopresidenteibanez.cl\/web\/wp-json\/wp\/v2\/media\/38435"}],"wp:attachment":[{"href":"https:\/\/www.radiopresidenteibanez.cl\/web\/wp-json\/wp\/v2\/media?parent=38434"}],"wp:term":[{"taxonomy":"category","embeddable":true,"href":"https:\/\/www.radiopresidenteibanez.cl\/web\/wp-json\/wp\/v2\/categories?post=38434"},{"taxonomy":"post_tag","embeddable":true,"href":"https:\/\/www.radiopresidenteibanez.cl\/web\/wp-json\/wp\/v2\/tags?post=38434"}],"curies":[{"name":"wp","href":"https:\/\/api.w.org\/{rel}","templated":true}]}}