{"id":38424,"date":"2023-03-25T17:49:00","date_gmt":"2023-03-25T20:49:00","guid":{"rendered":"https:\/\/www.radiopresidenteibanez.cl\/web\/?p=38424"},"modified":"2023-03-25T09:52:58","modified_gmt":"2023-03-25T12:52:58","slug":"usuarias-en-tratamiento-por-alcohol-y-otras-drogas-compartieron-sus-experiencias-con-autoridades","status":"publish","type":"post","link":"https:\/\/www.radiopresidenteibanez.cl\/web\/usuarias-en-tratamiento-por-alcohol-y-otras-drogas-compartieron-sus-experiencias-con-autoridades\/","title":{"rendered":"Usuarias en tratamiento por alcohol y otras drogas compartieron sus experiencias con autoridades"},"content":{"rendered":"\n<p>En un ambiente distendido y de confianza mujeres que se encuentran en<br>tratamiento ambulatorio y residencial por consumo de sustancias, compartieron sus<br>experiencias y necesidades con autoridades de la regi\u00f3n.<br>En el marco de las actividades que se han estado desarrollando por el Mes de la<br>Mujer, el Servicio Nacional para el Consumo de Drogas y Alcohol, Senda de la regi\u00f3n,<br>propici\u00f3 un encuentro que permiti\u00f3 a las autoridades conocer de primera fuente cuales<br>son los aspectos que valoran las pacientes al tener la posibilidad de tratamiento espec\u00edfico<br>para ellas.<br>El conversatorio cont\u00f3 con la presencia de la Delegada Presidencial Luz Berm\u00fadez,<br>las Seremis de la Mujer Alejandra Ruiz y de Salud, Francisca Sanfuentes. Tambi\u00e9n particip\u00f3<br>el Secretario de Desarrollo Social y Familia, Danilo Mimica, como la Directora de Sernameg<br>Fabiola Garc\u00eda y la representante del Servicio de Salud Pilar Fuentes.<br>El principal aspecto plateado por las mujeres en tratamiento fue poner en<br>evidencia lo que significa enfrentar este proceso frente al estigma del que son v\u00edctimas,<br>pues se espera que ellas siempre cumplan con todos sus roles, se se\u00f1al\u00f3.<br>Una de las participantes, a qui\u00e9n llamaremos Marcela, para resguardar su<br>identidad, se\u00f1al\u00f3 que \u201ces muy dif\u00edcil cumplir con los deberes de madre, esposa, hija,<br>trabajadora cuando una se est\u00e1 rompiendo por dentro; hacer parecer que estamos bien,<br>cuando en realidad estamos destrozadas\u201d.<br>Marcela a\u00f1adi\u00f3 que \u201ccuesta un gran trabajo entender que es necesario ocuparse de<br>una misma primero, para despu\u00e9s ocuparse de los dem\u00e1s\u201d.<br>Otra usuaria indic\u00f3 que es necesario que las personas en general conozcan m\u00e1s<br>acerca de los programas de tratamiento de drogas que existen.<br>En tanto Mariluz se mostr\u00f3 muy feliz y satisfecha por la posibilidad de compartir<br>con sus pares y con las autoridades sus experiencias y valor\u00f3 la entrega de las<br>profesionales que trabajan directamente con ellas.<br>La Delegada Presidencial Luz Berm\u00fadez, puso \u00e9nfasis en el compromiso del<br>gobierno de escuchar a la ciudadan\u00eda y en ese contexto la importancia de saber qu\u00e9 es lo<br>que est\u00e1n viviendo las usuarias y saber cu\u00e1les son las mejoras que requieren para llevar de<br>mejor forma su tratamiento, es muy relevante, puntualiz\u00f3.<\/p>\n\n\n\n<p>Por su parte la directora de Senda en Magallanes, Lorena Guala, agradeci\u00f3 la<br>disposici\u00f3n de los equipos de trabajo de tratamiento de todos los centros que existen en<br>Magallanes en Convenio con el Servicio de Salud, en especial al Residencial Ambulatorio<br>espec\u00edfico para mujeres, \u201cporque aqu\u00ed hay un trabajo que se ajusta a las especificidades<br>que se requieren para abordar la problem\u00e1tica del consumo de sustancias con enfoque de<br>g\u00e9nero\u201d.<br>Guala entreg\u00f3 un especial reconocimiento a las \u201cvalientes mujeres, que enfrentan<br>d\u00eda a d\u00eda cada uno de los obst\u00e1culos que se les presentan, para poder salir airosas de este<br>proceso que llevan adelante\u201d. Agradeci\u00f3 sobre todo que las usuarias tuvieran la<br>disposici\u00f3n de conversar y de compartir en la jornada realizada.<br>Las mujeres que necesiten de tratamiento por consumo de sustancias pueden<br>llamar a la oficina regional de Senda 2 244484 o directamente al Centro de Atenci\u00f3n<br>Intensivo ambulatorio y residencial 2 371764.<br>De igual forma para orientaci\u00f3n est\u00e1 disponible las 24 horas, en forma an\u00f3nima y<br>gratuita el Fono Drogas 1412.<\/p>\n","protected":false},"excerpt":{"rendered":"<p>En un ambiente distendido y de confianza mujeres que se encuentran entratamiento ambulatorio y residencial por consumo de sustancias, compartieron susexperiencias y necesidades con autoridades de la regi\u00f3n.En el marco&#8230; <a class=\"read-more\" href=\"https:\/\/www.radiopresidenteibanez.cl\/web\/usuarias-en-tratamiento-por-alcohol-y-otras-drogas-compartieron-sus-experiencias-con-autoridades\/\">Leer m\u00e1s<\/a><\/p>\n","protected":false},"author":2,"featured_media":38425,"comment_status":"closed","ping_status":"closed","sticky":false,"template":"","format":"standard","meta":{"footnotes":""},"categories":[1],"tags":[],"class_list":["post-38424","post","type-post","status-publish","format-standard","has-post-thumbnail","hentry","category-cronica"],"_links":{"self":[{"href":"https:\/\/www.radiopresidenteibanez.cl\/web\/wp-json\/wp\/v2\/posts\/38424","targetHints":{"allow":["GET"]}}],"collection":[{"href":"https:\/\/www.radiopresidenteibanez.cl\/web\/wp-json\/wp\/v2\/posts"}],"about":[{"href":"https:\/\/www.radiopresidenteibanez.cl\/web\/wp-json\/wp\/v2\/types\/post"}],"author":[{"embeddable":true,"href":"https:\/\/www.radiopresidenteibanez.cl\/web\/wp-json\/wp\/v2\/users\/2"}],"replies":[{"embeddable":true,"href":"https:\/\/www.radiopresidenteibanez.cl\/web\/wp-json\/wp\/v2\/comments?post=38424"}],"version-history":[{"count":0,"href":"https:\/\/www.radiopresidenteibanez.cl\/web\/wp-json\/wp\/v2\/posts\/38424\/revisions"}],"wp:featuredmedia":[{"embeddable":true,"href":"https:\/\/www.radiopresidenteibanez.cl\/web\/wp-json\/wp\/v2\/media\/38425"}],"wp:attachment":[{"href":"https:\/\/www.radiopresidenteibanez.cl\/web\/wp-json\/wp\/v2\/media?parent=38424"}],"wp:term":[{"taxonomy":"category","embeddable":true,"href":"https:\/\/www.radiopresidenteibanez.cl\/web\/wp-json\/wp\/v2\/categories?post=38424"},{"taxonomy":"post_tag","embeddable":true,"href":"https:\/\/www.radiopresidenteibanez.cl\/web\/wp-json\/wp\/v2\/tags?post=38424"}],"curies":[{"name":"wp","href":"https:\/\/api.w.org\/{rel}","templated":true}]}}