{"id":3842,"date":"2019-05-01T22:29:46","date_gmt":"2019-05-01T22:29:46","guid":{"rendered":"http:\/\/www.radiopresidenteibanez.cl\/web\/?p=3842"},"modified":"2019-05-01T22:30:01","modified_gmt":"2019-05-01T22:30:01","slug":"ante-una-nueva-conmemoracion-del-1-de-mayo-autoridades-visitaron-a-trabajadores-de-la-region-en-su-dia","status":"publish","type":"post","link":"https:\/\/www.radiopresidenteibanez.cl\/web\/ante-una-nueva-conmemoracion-del-1-de-mayo-autoridades-visitaron-a-trabajadores-de-la-region-en-su-dia\/","title":{"rendered":"ANTE UNA NUEVA CONMEMORACI\u00d3N DEL 1\u00b0 DE MAYO: AUTORIDADES VISITARON A TRABAJADORES DE LA REGI\u00d3N EN SU D\u00cdA"},"content":{"rendered":"\n<p>En\nel marco de una nueva conmemoraci\u00f3n del D\u00eda Internacional del Trabajador, las\nprincipales autoridades de la regi\u00f3n de Magallanes se dieron cita para visitar\na los trabajadores que hoy est\u00e1n de turno, dirigi\u00e9ndose a diferentes puntos de\nla zona. <\/p>\n\n\n\n<p>Iniciaron\nsu recorrido con los trabajadores que resguardan los terminales mar\u00edtimo &#8211;\nportuarios de la ciudad de Punta Arenas, para luego dirigirse al aeropuerto\nCarlos Ib\u00e1\u00f1ez del Campo y, finalmente, cerrar con una visita a la comuna de\nLaguna Blanca, donde a trav\u00e9s de una ceremonia especial, distinguieron a los\ntrabajadores de la zona en su d\u00eda.<\/p>\n\n\n\n<p>Acompa\u00f1ada\npor el Intendente regional de Magallanes, Jos\u00e9 Fern\u00e1ndez D\u00fcbrock, la Seremi del\nTrabajo, Victoria Cort\u00e9s Schiattino, inici\u00f3 temprano este significativo\nrecorrido en el que, adem\u00e1s de saludarlos, se hizo entrega de bandejas con desayunos\npara cada uno de los trabajadores visitados. En total, fueron m\u00e1s de 60 los\noperarios y funcionarios que recibieron este presente de parte de las\nautoridades, agradeciendo el gesto que, sin duda, alegr\u00f3 la jornada de todos.<\/p>\n\n\n\n<p>As\u00ed\nlo expres\u00f3 la primera autoridad regional, tras concluir la visita y conocer la\nlabor que desempe\u00f1a cada uno de los operarios de los terminales portuarios y\naeroportuario de la zona. En sus palabras, \u201cHoy es un d\u00eda muy importante en el\nque estamos reconociendo a los trabajadores de los diferentes rubros y sectores\nde nuestra regi\u00f3n, que son quienes mantienen al pa\u00eds en marcha y a la regi\u00f3n en\nmovimiento, aportando al beneficio de todos. Por ello, hoy d\u00eda quisimos, junto\na la Seremi del Trabajo, venir aqu\u00ed al aeropuerto Presidente Ib\u00e1\u00f1ez, a\nmanifestarle nuestro saludo a las personas que est\u00e1n laborando en sus turnos y\nagradecer su entrega diaria\u201d.<\/p>\n\n\n\n<p>Al\nrespecto, la titular del Trabajo en la zona, expres\u00f3 que \u201ctal como lo ha\nse\u00f1alado el Intendente, hoy es un d\u00eda muy especial y significativo en el que,\npara quienes tienen que trabajar, cuesta un poco m\u00e1s levantarse al ver que el\nresto de la familia se queda en la casa descansando, por tanto, el estar aqu\u00ed\ntiene un doble valor y reconocimiento para los trabajadores que hoy hacen que\nel pa\u00eds siga funcionando. Por ejemplo, nuestro aeropuerto, realizando una labor\ntan importante como es mantener la conectividad de nuestra regi\u00f3n con el resto\ndel pa\u00eds. Es&nbsp; una labor muy sacrificada y\npor eso vinimos a entregarles nuestro saludo y las felicitaciones con el\nintendente, de parte de nuestro Ministro y subsecretario del Trabajo\u201d.<\/p>\n\n\n\n<p>La\nreacci\u00f3n por parte de los trabajadores que recibieron los presentes de parte de\nlas autoridades fue de sorpresa y agradecimiento, pues no se esperaban iniciar\nel d\u00eda de esta manera, seg\u00fan sus propias palabras. \u201cLa verdad es que se\nagradece mucho empezar la jornada as\u00ed, es algo que no se espera, as\u00ed que muy\nagradecido de la autoridad por acordarse de nosotros que hoy trabajamos y\nestamos de turno\u201d, expres\u00f3 muy contento Andr\u00e9 Urra, quien se desempe\u00f1a como\nguardia de seguridad en instalaciones del Muelle Prat.<\/p>\n\n\n\n<p><strong>Distinci\u00f3n en Laguna Blanca<\/strong><\/p>\n\n\n\n<p>Esta\nmisma alegr\u00eda mostraron los habitantes de la comuna de Laguna Blanca, donde el\nalcalde Ricardo Ritter, acompa\u00f1ado por trabajadores y familias de la zona,\nrecibieron la compa\u00f1\u00eda del intendente regional; adem\u00e1s del gobernador\nprovincial de Magallanes, Homero Villegas; y las Seremis del Trabajo y\nGobierno, quienes estuvieron presentes durante el acto que se desarroll\u00f3 para\ndistinguir a los trabajadores de la comuna en este d\u00eda.<\/p>\n\n\n\n<p>A\ntrav\u00e9s de un emotivo acto que cont\u00f3 con n\u00fameros art\u00edsticos y musicales se\nreconoci\u00f3 el importante aporte que realizan los trabajadores de los sectores\nrurales de la regi\u00f3n, quienes han formado parte esencial del desarrollo\necon\u00f3mico de la regi\u00f3n, lo cual fue reconocido por los asistentes.<\/p>\n\n\n\n<p>Para\nCort\u00e9s, la importancia de haber llegado hasta aqu\u00ed un d\u00eda como hoy \u201cradica en\nque nuestros trabajadores rurales, que muchas veces son invisibilizados,\naportan enormemente al crecimiento de la regi\u00f3n. As\u00ed lo han hecho siempre y por\neso hemos acudido junto al intendente, al gobernador y a la Seremi de Gobierno\na la invitaci\u00f3n que nos ha hecho el alcalde Ritter\u201d.<\/p>\n\n\n\n<p>Para\nla vocera de Gobierno local, Alejandra Mu\u00f1oz, \u201ccomo lo ha dicho el Presidente\nSebasti\u00e1n Pi\u00f1era, descentralizar la regi\u00f3n tambi\u00e9n es parte importante de su\nmandato, por eso, hoy d\u00eda estamos celebrando el D\u00eda del Trabajador en la comuna\nde Laguna Blanca, con los trabajadores rurales, con el alcalde Ricardo Ritter,\nque gentilmente nos invit\u00f3 a esta hermosa celebraci\u00f3n, as\u00ed que estamos s\u00faper\nagradecidos y muy orgullosos del trabajo que se ha realizado en esta comuna\u201d.<\/p>\n\n\n\n<p><strong>Foco en la calidad<\/strong><\/p>\n\n\n\n<p>En\nel marco de esta conmemoraci\u00f3n y consultada respecto a la prioridad del\ngobierno en materia laboral durante este a\u00f1o, la secretaria regional del ramo\nexplic\u00f3 que \u201ccomo parte del gobierno del Presidente Sebasti\u00e1n Pi\u00f1era, estamos\nponiendo como foco de nuestro trabajo el mejorar la empleabilidad no s\u00f3lo desde\nel punto de vista de los n\u00fameros, sino que tambi\u00e9n desde la calidad de los\nempleos y por lo mismo hemos presentado tremendos proyectos de ley \u2013entre\nellos, Sala Cuna Universal, Teletrabajo, Contrato para J\u00f3venes- que sin duda\nvan a marcar un antes y un despu\u00e9s en la vida de los trabajadores del pa\u00eds\u201d.<\/p>\n\n\n\n<p>En torno a las cifras de empleabilidad, que actualmente est\u00e1 en un 2,7% y se ha mantenido respecto al mismo per\u00edodo del a\u00f1o anterior, la seremi coment\u00f3 que \u201cla mantenci\u00f3n en la cifra de desempleo es un incentivo para nosotros porque a pesar que existe una mayor fuerza laboral y una mayor llegada de trabajadores extranjeros, hemos sido capaces de generar puestos de trabajo y esto ha significado que la tasa no var\u00ede. As\u00ed que el desaf\u00edo es a seguir manteniendo estos resultados durante el a\u00f1o, pero s\u00ed priorizando las gestiones para reducir la informalidad y aumentar la participaci\u00f3n femenina, eso como algo central\u201d, resalt\u00f3.<\/p>\n\n\n\n<ul class=\"wp-block-gallery columns-2 is-cropped wp-block-gallery-1 is-layout-flex wp-block-gallery-is-layout-flex\"><li class=\"blocks-gallery-item\"><figure><img loading=\"lazy\" decoding=\"async\" width=\"1024\" height=\"768\" src=\"https:\/\/www.radiopresidenteibanez.cl\/web\/wp-content\/uploads\/2019\/05\/IMG_005-1024x768.jpg\" alt=\"\" data-id=\"3843\" data-link=\"https:\/\/www.radiopresidenteibanez.cl\/web\/?attachment_id=3843\" class=\"wp-image-3843\" srcset=\"https:\/\/www.radiopresidenteibanez.cl\/web\/wp-content\/uploads\/2019\/05\/IMG_005.jpg 1024w, https:\/\/www.radiopresidenteibanez.cl\/web\/wp-content\/uploads\/2019\/05\/IMG_005-300x225.jpg 300w, https:\/\/www.radiopresidenteibanez.cl\/web\/wp-content\/uploads\/2019\/05\/IMG_005-768x576.jpg 768w\" sizes=\"auto, (max-width: 1024px) 100vw, 1024px\" \/><\/figure><\/li><li class=\"blocks-gallery-item\"><figure><img loading=\"lazy\" decoding=\"async\" width=\"1024\" height=\"768\" src=\"https:\/\/www.radiopresidenteibanez.cl\/web\/wp-content\/uploads\/2019\/05\/IMG_022-1024x768.jpg\" alt=\"\" data-id=\"3844\" data-link=\"https:\/\/www.radiopresidenteibanez.cl\/web\/?attachment_id=3844\" class=\"wp-image-3844\" srcset=\"https:\/\/www.radiopresidenteibanez.cl\/web\/wp-content\/uploads\/2019\/05\/IMG_022.jpg 1024w, https:\/\/www.radiopresidenteibanez.cl\/web\/wp-content\/uploads\/2019\/05\/IMG_022-300x225.jpg 300w, https:\/\/www.radiopresidenteibanez.cl\/web\/wp-content\/uploads\/2019\/05\/IMG_022-768x576.jpg 768w\" sizes=\"auto, (max-width: 1024px) 100vw, 1024px\" \/><\/figure><\/li><li class=\"blocks-gallery-item\"><figure><img loading=\"lazy\" decoding=\"async\" width=\"1024\" height=\"768\" src=\"https:\/\/www.radiopresidenteibanez.cl\/web\/wp-content\/uploads\/2019\/05\/IMG_026-1024x768.jpg\" alt=\"\" data-id=\"3845\" data-link=\"https:\/\/www.radiopresidenteibanez.cl\/web\/?attachment_id=3845\" class=\"wp-image-3845\" srcset=\"https:\/\/www.radiopresidenteibanez.cl\/web\/wp-content\/uploads\/2019\/05\/IMG_026.jpg 1024w, https:\/\/www.radiopresidenteibanez.cl\/web\/wp-content\/uploads\/2019\/05\/IMG_026-300x225.jpg 300w, https:\/\/www.radiopresidenteibanez.cl\/web\/wp-content\/uploads\/2019\/05\/IMG_026-768x576.jpg 768w\" sizes=\"auto, (max-width: 1024px) 100vw, 1024px\" \/><\/figure><\/li><\/ul>\n","protected":false},"excerpt":{"rendered":"<p>En el marco de una nueva conmemoraci\u00f3n del D\u00eda Internacional del Trabajador, las principales autoridades de la regi\u00f3n de Magallanes se dieron cita para visitar a los trabajadores que hoy&#8230; <a class=\"read-more\" href=\"https:\/\/www.radiopresidenteibanez.cl\/web\/ante-una-nueva-conmemoracion-del-1-de-mayo-autoridades-visitaron-a-trabajadores-de-la-region-en-su-dia\/\">Leer m\u00e1s<\/a><\/p>\n","protected":false},"author":2,"featured_media":3845,"comment_status":"closed","ping_status":"closed","sticky":false,"template":"","format":"standard","meta":{"footnotes":""},"categories":[1,7],"tags":[],"class_list":["post-3842","post","type-post","status-publish","format-standard","has-post-thumbnail","hentry","category-cronica","category-galeria-de-fotos"],"_links":{"self":[{"href":"https:\/\/www.radiopresidenteibanez.cl\/web\/wp-json\/wp\/v2\/posts\/3842","targetHints":{"allow":["GET"]}}],"collection":[{"href":"https:\/\/www.radiopresidenteibanez.cl\/web\/wp-json\/wp\/v2\/posts"}],"about":[{"href":"https:\/\/www.radiopresidenteibanez.cl\/web\/wp-json\/wp\/v2\/types\/post"}],"author":[{"embeddable":true,"href":"https:\/\/www.radiopresidenteibanez.cl\/web\/wp-json\/wp\/v2\/users\/2"}],"replies":[{"embeddable":true,"href":"https:\/\/www.radiopresidenteibanez.cl\/web\/wp-json\/wp\/v2\/comments?post=3842"}],"version-history":[{"count":0,"href":"https:\/\/www.radiopresidenteibanez.cl\/web\/wp-json\/wp\/v2\/posts\/3842\/revisions"}],"wp:featuredmedia":[{"embeddable":true,"href":"https:\/\/www.radiopresidenteibanez.cl\/web\/wp-json\/wp\/v2\/media\/3845"}],"wp:attachment":[{"href":"https:\/\/www.radiopresidenteibanez.cl\/web\/wp-json\/wp\/v2\/media?parent=3842"}],"wp:term":[{"taxonomy":"category","embeddable":true,"href":"https:\/\/www.radiopresidenteibanez.cl\/web\/wp-json\/wp\/v2\/categories?post=3842"},{"taxonomy":"post_tag","embeddable":true,"href":"https:\/\/www.radiopresidenteibanez.cl\/web\/wp-json\/wp\/v2\/tags?post=3842"}],"curies":[{"name":"wp","href":"https:\/\/api.w.org\/{rel}","templated":true}]}}