{"id":38409,"date":"2023-03-25T10:55:00","date_gmt":"2023-03-25T13:55:00","guid":{"rendered":"https:\/\/www.radiopresidenteibanez.cl\/web\/?p=38409"},"modified":"2023-03-25T09:32:41","modified_gmt":"2023-03-25T12:32:41","slug":"maire-yo-le-digo-adios-y-usted-por-mi-no-haga-duelo-espero-en-dios-que-en-el-cielo-nos-hamos-de-ver-los-dos-canta-gepe","status":"publish","type":"post","link":"https:\/\/www.radiopresidenteibanez.cl\/web\/maire-yo-le-digo-adios-y-usted-por-mi-no-haga-duelo-espero-en-dios-que-en-el-cielo-nos-hamos-de-ver-los-dos-canta-gepe\/","title":{"rendered":"\u00ab..Maire yo le digo adi\u00f3s y usted por mi no haga duelo espero en Dios que en el cielo nos hamos de ver los dos ..\u00bb canta Gepe"},"content":{"rendered":"\n<p>Dejo en primer lugar la constancia de que no he encontrado ning\u00fan antecedente m\u00e1s o menos completo, de lo que aprob\u00f3 en definitiva el Senado hace unos d\u00edas respecto a las 40 horas semanales de trabajo. Me dijo un compa\u00f1ero que la CUT y otros sindicaleros estaban muy felices con esto, le respond\u00ed que no se olvide que la CUT y otros sindicaleros validaron el seguro de cesant\u00eda en el 2001, que tiene entre sus normas la facultad del empleador para descontar de la indemnizaci\u00f3n el aporte que hace al seguro de cesant\u00eda, lo que significa que el trabajador pierde el 20% aprox. de su indemnizaci\u00f3n.<br>Hay que fijarse quien aplaude, le coment\u00e9.<br>No somos obtusos como para no entender que es un avance que la jornada de trabajo baje de 45 a 40 horas, lo que no aceptamos es que intenten convencernos que se logr\u00f3 una conquista que mejorar\u00e1 sustancialmente la condici\u00f3n de los trabajadores.<br>Menci\u00f3n aparte es clarificar de una vez por todas &#8211; aunque se siguen haciendo los lesos &#8211; que este proyecto de ley aprobado no tiene nada que ver con el presentado en el 2017.<br>De lo que se puede extraer de la prensa, pues el sindicalismo triunfante no ha dado pautas claras, es que el beneficio ser\u00e1 gradual hasta llegar en 5 a\u00f1os a la jornada de 40 horas y que en algunos sectores reci\u00e9n en 5 a\u00f1os se comenzar\u00e1 a aplicar la ley &#8211; choferes, auxiliares interurbanos y de transporte rural de pasajeros, trabajadores de ferrocarriles, tripulantes de vuelo entre otros &#8211; no estando a\u00fan claro si tambi\u00e9n ser\u00e1 gradual esta aplicaci\u00f3n.<br>Al menos para nosotros, trabajadores clasistas chilenos, el sue\u00f1o de Chicago de 8 horas de trabajo, 8 horas de descanso y 8 horas de recreaci\u00f3n continua sin realizarse.<\/p>\n\n\n\n<p>2.- Hasta ahora solo est\u00e1 claro &#8211; y m\u00e1s o menos no m\u00e1s pues no se ha publicado el texto \u00edntegro de la ley acordada &#8211; que habr\u00eda jornada de 4 dias trabajados por 3 de descanso, o sea jornadas de 10 horas diarias con la posibilidad de extenderlas a 12 si es que hay pacto por horas extras. En las discusiones y negociaciones se dec\u00eda tambi\u00e9n que en sectores como la atenci\u00f3n a p\u00fablico en gastronom\u00eda hoteler\u00eda y turismo se aplicar\u00eda a todo el personal la ley vigente de cortar turnos (art\u00edculo 34 bis), lo que implica 2 jornadas diarias de 4 horas interrumpidas por un corte que puede ser hasta de 4 horas.<br>Como ven, este discursito de que va a mejorar la calidad de vida con la rebaja de la jornada semanal de trabajo, es hasta por ahi nomas po&#8217;.<br>Habr\u00e1 que seguir peleando. 8 horas diarias continuas es la demanda.<\/p>\n","protected":false},"excerpt":{"rendered":"<p>Dejo en primer lugar la constancia de que no he encontrado ning\u00fan antecedente m\u00e1s o menos completo, de lo que aprob\u00f3 en definitiva el Senado hace unos d\u00edas respecto a&#8230; <a class=\"read-more\" href=\"https:\/\/www.radiopresidenteibanez.cl\/web\/maire-yo-le-digo-adios-y-usted-por-mi-no-haga-duelo-espero-en-dios-que-en-el-cielo-nos-hamos-de-ver-los-dos-canta-gepe\/\">Leer m\u00e1s<\/a><\/p>\n","protected":false},"author":2,"featured_media":38410,"comment_status":"closed","ping_status":"closed","sticky":false,"template":"","format":"standard","meta":{"footnotes":""},"categories":[1],"tags":[],"class_list":["post-38409","post","type-post","status-publish","format-standard","has-post-thumbnail","hentry","category-cronica"],"_links":{"self":[{"href":"https:\/\/www.radiopresidenteibanez.cl\/web\/wp-json\/wp\/v2\/posts\/38409","targetHints":{"allow":["GET"]}}],"collection":[{"href":"https:\/\/www.radiopresidenteibanez.cl\/web\/wp-json\/wp\/v2\/posts"}],"about":[{"href":"https:\/\/www.radiopresidenteibanez.cl\/web\/wp-json\/wp\/v2\/types\/post"}],"author":[{"embeddable":true,"href":"https:\/\/www.radiopresidenteibanez.cl\/web\/wp-json\/wp\/v2\/users\/2"}],"replies":[{"embeddable":true,"href":"https:\/\/www.radiopresidenteibanez.cl\/web\/wp-json\/wp\/v2\/comments?post=38409"}],"version-history":[{"count":0,"href":"https:\/\/www.radiopresidenteibanez.cl\/web\/wp-json\/wp\/v2\/posts\/38409\/revisions"}],"wp:featuredmedia":[{"embeddable":true,"href":"https:\/\/www.radiopresidenteibanez.cl\/web\/wp-json\/wp\/v2\/media\/38410"}],"wp:attachment":[{"href":"https:\/\/www.radiopresidenteibanez.cl\/web\/wp-json\/wp\/v2\/media?parent=38409"}],"wp:term":[{"taxonomy":"category","embeddable":true,"href":"https:\/\/www.radiopresidenteibanez.cl\/web\/wp-json\/wp\/v2\/categories?post=38409"},{"taxonomy":"post_tag","embeddable":true,"href":"https:\/\/www.radiopresidenteibanez.cl\/web\/wp-json\/wp\/v2\/tags?post=38409"}],"curies":[{"name":"wp","href":"https:\/\/api.w.org\/{rel}","templated":true}]}}