{"id":38406,"date":"2023-03-25T09:30:23","date_gmt":"2023-03-25T12:30:23","guid":{"rendered":"https:\/\/www.radiopresidenteibanez.cl\/web\/?p=38406"},"modified":"2023-03-25T09:30:30","modified_gmt":"2023-03-25T12:30:30","slug":"firma-de-actas-de-entrega-de-terrenos-de-los-sauces-da-luz-verde-a-construccion-de-500-viviendas-sin-deuda","status":"publish","type":"post","link":"https:\/\/www.radiopresidenteibanez.cl\/web\/firma-de-actas-de-entrega-de-terrenos-de-los-sauces-da-luz-verde-a-construccion-de-500-viviendas-sin-deuda\/","title":{"rendered":"<strong>Firma de actas de entrega de terrenos de \u201cLos Sauces\u201d da luz verde a construcci\u00f3n de 500 viviendas sin deuda<\/strong>"},"content":{"rendered":"\n<p>Los proyectos habitacionales Los Sauces, obtuvieron subsidios del Fondo Solidario de Elecci\u00f3n de Vivienda del MINVU, en los meses de julio y septiembre de 2022 y son parte de los 1334 subsidios del Programa DS 49 para construcci\u00f3n de viviendas sin deuda, otorgados en la Regi\u00f3n de Magallanes y de la Ant\u00e1rtica Chilena durante el a\u00f1o pasado, cifra in\u00e9dita y que responde al Plan de Emergencia Habitacional impulsado por el Gobierno del Presidente Gabriel Boric.<\/p>\n\n\n\n<p>Luego de la obtenci\u00f3n de los subsidios y el aporte complementario del Gobierno Regional, lo cual equivale a una inversi\u00f3n total superior a los 42 mil setecientos millones de pesos, la entidad patrocinante Ebco continu\u00f3 la tramitaci\u00f3n del permiso de edificaci\u00f3n que implic\u00f3 contar con la aprobaci\u00f3n de los Informes de Mitigaci\u00f3n de Impacto Vial exigidos en la normativa, entre otros requisitos.<\/p>\n\n\n\n<p>Respecto a esta importante obra habitacional, el Seremi Marco Uribe Saldivia se\u00f1al\u00f3 \u201cSe cierra un ciclo que se ven\u00eda arrastrando del a\u00f1o pasado cuando se gestionaron mayores recursos para estos proyectos y comienza un nuevo ciclo en que vamos a estar acompa\u00f1ando a las familias en el desarrollo de este gran proyecto inmobiliario social ya que hace varios a\u00f1os no se constru\u00eda una cantidad tan importante de viviendas, estamos hablando de 500 viviendas que van en directo beneficio de nuestro Plan de Emergencia Habitacional en la Regi\u00f3n de Magallanes\u201d.<\/p>\n\n\n\n<p>La firma de las agrupaciones fue estampada por Luis G\u00f3mez Levin de \u201cRenacer de la Poblaci\u00f3n Calixto\u201d, Juan Carlos Paredes Aguilante de \u201cAiken\u201d, H\u00e9ctor Aguilar de \u201cTodos por un sue\u00f1o\u201d y \u201cSusana Aguilar de \u201cCumbres Fitz Roy\u201d.<\/p>\n\n\n\n<p>Luis G\u00f3mez Levin, presidente de la agrupaci\u00f3n \u201cRenacer de la Poblaci\u00f3n Calixto\u201d, indic\u00f3 \u201cEs una lucha que dimos ocho a\u00f1os con Renacer m\u00e1s menos y anteriormente en lo personal fueron seis a\u00f1os con otra agrupaci\u00f3n, as\u00ed que para mi en lo personal llegar a esto es maravilloso, no se puede describir con palabras practicamente, feliz, contento por toda la gente que confi\u00f3 en mi y que pudimos sacar esto adelante como directiva\u201d.<\/p>\n\n\n\n<p>Cumplido este tr\u00e1mite en el cual participaron los profesionales de la empresa constructora y del Servicio de Vivienda y Urbanizaci\u00f3n, que estar\u00e1n a cargo de la inspecci\u00f3n t\u00e9cnica, la pr\u00f3xima semana se realizar\u00e1 la ceremonia de postura de primera piedra del nuevo barrio que se emplazar\u00e1 en Avenida nueva poniente 6 con prolongaci\u00f3n Carlos Condell.<\/p>\n","protected":false},"excerpt":{"rendered":"<p>Los proyectos habitacionales Los Sauces, obtuvieron subsidios del Fondo Solidario de Elecci\u00f3n de Vivienda del MINVU, en los meses de julio y septiembre de 2022 y son parte de los&#8230; <a class=\"read-more\" href=\"https:\/\/www.radiopresidenteibanez.cl\/web\/firma-de-actas-de-entrega-de-terrenos-de-los-sauces-da-luz-verde-a-construccion-de-500-viviendas-sin-deuda\/\">Leer m\u00e1s<\/a><\/p>\n","protected":false},"author":2,"featured_media":38407,"comment_status":"closed","ping_status":"closed","sticky":false,"template":"","format":"standard","meta":{"footnotes":""},"categories":[1],"tags":[],"class_list":["post-38406","post","type-post","status-publish","format-standard","has-post-thumbnail","hentry","category-cronica"],"_links":{"self":[{"href":"https:\/\/www.radiopresidenteibanez.cl\/web\/wp-json\/wp\/v2\/posts\/38406","targetHints":{"allow":["GET"]}}],"collection":[{"href":"https:\/\/www.radiopresidenteibanez.cl\/web\/wp-json\/wp\/v2\/posts"}],"about":[{"href":"https:\/\/www.radiopresidenteibanez.cl\/web\/wp-json\/wp\/v2\/types\/post"}],"author":[{"embeddable":true,"href":"https:\/\/www.radiopresidenteibanez.cl\/web\/wp-json\/wp\/v2\/users\/2"}],"replies":[{"embeddable":true,"href":"https:\/\/www.radiopresidenteibanez.cl\/web\/wp-json\/wp\/v2\/comments?post=38406"}],"version-history":[{"count":0,"href":"https:\/\/www.radiopresidenteibanez.cl\/web\/wp-json\/wp\/v2\/posts\/38406\/revisions"}],"wp:featuredmedia":[{"embeddable":true,"href":"https:\/\/www.radiopresidenteibanez.cl\/web\/wp-json\/wp\/v2\/media\/38407"}],"wp:attachment":[{"href":"https:\/\/www.radiopresidenteibanez.cl\/web\/wp-json\/wp\/v2\/media?parent=38406"}],"wp:term":[{"taxonomy":"category","embeddable":true,"href":"https:\/\/www.radiopresidenteibanez.cl\/web\/wp-json\/wp\/v2\/categories?post=38406"},{"taxonomy":"post_tag","embeddable":true,"href":"https:\/\/www.radiopresidenteibanez.cl\/web\/wp-json\/wp\/v2\/tags?post=38406"}],"curies":[{"name":"wp","href":"https:\/\/api.w.org\/{rel}","templated":true}]}}