{"id":38390,"date":"2023-03-24T14:13:00","date_gmt":"2023-03-24T17:13:00","guid":{"rendered":"https:\/\/www.radiopresidenteibanez.cl\/web\/?p=38390"},"modified":"2023-03-24T11:24:51","modified_gmt":"2023-03-24T14:24:51","slug":"municipio-solicitara-la-intervencion-del-minsal-y-los-tribunales-de-familia-para-ir-en-ayuda-de-persona-en-situacion-de-calle","status":"publish","type":"post","link":"https:\/\/www.radiopresidenteibanez.cl\/web\/municipio-solicitara-la-intervencion-del-minsal-y-los-tribunales-de-familia-para-ir-en-ayuda-de-persona-en-situacion-de-calle\/","title":{"rendered":"<strong>MUNICIPIO SOLICITAR\u00c1 LA INTERVENCI\u00d3N DEL MINSAL Y LOS TRIBUNALES DE FAMILIA PARA IR EN AYUDA DE PERSONA EN SITUACI\u00d3N DE CALLE<\/strong>"},"content":{"rendered":"\n<p>Inquietud ha causado la permanencia de una persona en situaci\u00f3n de calle en la Plaza de Armas, Benjam\u00edn Mu\u00f1oz Gamero, durante los \u00faltimos d\u00edas, lo cual ha generado que desde la Municipalidad de Punta Arenas, se intente nuevamente ayudar e interceder para que pueda recibir atenci\u00f3n correspondiente y la ayuda necesaria que requiere.<\/p>\n\n\n\n<p>Es por ello que, seg\u00fan informan desde la Direcci\u00f3n de Desarrollo Comunitario, han intentado en diversas ocasiones persuadir a JVC, para que acceda de manera voluntaria a los dispositivos que se encuentran disponibles al d\u00eda de hoy y que funcionan b\u00e1sicamente al alero del Ministerio de Desarrollo Social y Familia.<\/p>\n\n\n\n<p>Seg\u00fan los antecedentes que archiva el \u00e1rea asistencial del municipio, ya desde el mes de mayo del a\u00f1o 2018, se ha intervenido para mejorar su condici\u00f3n de vida, puesto que en ese entonces,&nbsp;&nbsp;se encontraba pernoctando en las afuera de la catedral de nuestra ciudad, raz\u00f3n por la que fue trasladado&nbsp;&nbsp;por profesionales del \u00e1rea asistencial del municipio, hasta el centro de referencia Fide XII, todo esto con el objetivo de resguardar la integridad de la persona en cuesti\u00f3n.<\/p>\n\n\n\n<p>Posteriormente, en junio del 2018, nuevamente se detecta que permanece en situaci\u00f3n de calle, pero en la Plaza de Armas, neg\u00e1ndose a dialogar con personal asistencial o a trasladarse a un dispositivo dispuesto para la ocasi\u00f3n. Despu\u00e9s de eso, y luego de varios intentos, logr\u00f3 ingresar a la Hospeder\u00eda del Hogar de Cristo con el apoyo de Carabineros.<\/p>\n\n\n\n<p>Un mes despu\u00e9s (julio 2018), se reitera la necesidad de ayuda asistencial, debido a que permanec\u00eda en un espacio de Avenida Espa\u00f1a, lo que gener\u00f3 diversos inconvenientes, siendo el municipio quien contacta de manera formal a los representantes del Programa Calle, perteneciente al Ministerio de Desarrollo Social.<\/p>\n\n\n\n<p>Desde el Ministerio de Desarrollo Social, explicaron que dicha instituci\u00f3n ha invitado en diversas ocasiones a la persona para que ingrese a los albergues disponibles, pero sin \u00e9xito.<\/p>\n\n\n\n<p>\u201cEn el a\u00f1o 2020, desde el municipio invitamos a una reuni\u00f3n de mesa ampliada con representantes de la secretar\u00eda regional ministerial de desarrollo social, para ver opciones de resguardo, pero tambi\u00e9n se expuso las problem\u00e1ticas que presenta, tanto en el \u00e1rea de salud mental como de adaptaci\u00f3n en los espacios que permanece\u201d, explic\u00f3 Jessica Castillo, directora (s) de DIDECO.<\/p>\n\n\n\n<p>\u201c\u00c9l debe adherir a los programas de forma voluntaria, pero como no lo hace, nos vemos imposibilitados de poder intervenir de otra manera. Entendemos tambi\u00e9n que no posee una red de apoyo familiar conocida hasta ahora\u201d, agreg\u00f3 la profesional.<\/p>\n\n\n\n<p>Finalmente, Castillo anunci\u00f3 que \u201cse gestionar\u00e1 una internaci\u00f3n administrativa a trav\u00e9s de los tribunales de justicia por medio del Ministerio de Salud, puesto que es la \u00faltima herramienta que tenemos para poder ayudar a esta persona\u201d.<\/p>\n","protected":false},"excerpt":{"rendered":"<p>Inquietud ha causado la permanencia de una persona en situaci\u00f3n de calle en la Plaza de Armas, Benjam\u00edn Mu\u00f1oz Gamero, durante los \u00faltimos d\u00edas, lo cual ha generado que desde&#8230; <a class=\"read-more\" href=\"https:\/\/www.radiopresidenteibanez.cl\/web\/municipio-solicitara-la-intervencion-del-minsal-y-los-tribunales-de-familia-para-ir-en-ayuda-de-persona-en-situacion-de-calle\/\">Leer m\u00e1s<\/a><\/p>\n","protected":false},"author":2,"featured_media":38391,"comment_status":"closed","ping_status":"closed","sticky":false,"template":"","format":"standard","meta":{"footnotes":""},"categories":[1],"tags":[],"class_list":["post-38390","post","type-post","status-publish","format-standard","has-post-thumbnail","hentry","category-cronica"],"_links":{"self":[{"href":"https:\/\/www.radiopresidenteibanez.cl\/web\/wp-json\/wp\/v2\/posts\/38390","targetHints":{"allow":["GET"]}}],"collection":[{"href":"https:\/\/www.radiopresidenteibanez.cl\/web\/wp-json\/wp\/v2\/posts"}],"about":[{"href":"https:\/\/www.radiopresidenteibanez.cl\/web\/wp-json\/wp\/v2\/types\/post"}],"author":[{"embeddable":true,"href":"https:\/\/www.radiopresidenteibanez.cl\/web\/wp-json\/wp\/v2\/users\/2"}],"replies":[{"embeddable":true,"href":"https:\/\/www.radiopresidenteibanez.cl\/web\/wp-json\/wp\/v2\/comments?post=38390"}],"version-history":[{"count":0,"href":"https:\/\/www.radiopresidenteibanez.cl\/web\/wp-json\/wp\/v2\/posts\/38390\/revisions"}],"wp:featuredmedia":[{"embeddable":true,"href":"https:\/\/www.radiopresidenteibanez.cl\/web\/wp-json\/wp\/v2\/media\/38391"}],"wp:attachment":[{"href":"https:\/\/www.radiopresidenteibanez.cl\/web\/wp-json\/wp\/v2\/media?parent=38390"}],"wp:term":[{"taxonomy":"category","embeddable":true,"href":"https:\/\/www.radiopresidenteibanez.cl\/web\/wp-json\/wp\/v2\/categories?post=38390"},{"taxonomy":"post_tag","embeddable":true,"href":"https:\/\/www.radiopresidenteibanez.cl\/web\/wp-json\/wp\/v2\/tags?post=38390"}],"curies":[{"name":"wp","href":"https:\/\/api.w.org\/{rel}","templated":true}]}}