{"id":38387,"date":"2023-03-24T12:49:00","date_gmt":"2023-03-24T15:49:00","guid":{"rendered":"https:\/\/www.radiopresidenteibanez.cl\/web\/?p=38387"},"modified":"2023-03-24T11:21:22","modified_gmt":"2023-03-24T14:21:22","slug":"hidrogeno-verde-tema-central-del-encuentroentre-embajador-de-austria-y-delegadapresidencial","status":"publish","type":"post","link":"https:\/\/www.radiopresidenteibanez.cl\/web\/hidrogeno-verde-tema-central-del-encuentroentre-embajador-de-austria-y-delegadapresidencial\/","title":{"rendered":"Hidr\u00f3geno Verde tema central del encuentro<br>entre Embajador de Austria y Delegada<br>Presidencial"},"content":{"rendered":"\n<p>Este jueves el Embajador de Austria en Chile, Stephan Vavrik,<br>se reuni\u00f3 con la Delegada Presidencial Regional, Luz Berm\u00fadez Sandoval, para conversar de<br>distintos t\u00f3picos relativos a la regi\u00f3n, con un tema central y de inter\u00e9s global: hidr\u00f3geno verde. En<br>la reuni\u00f3n estuvo acompa\u00f1ado por su esposa y la C\u00f3nsul honoraria de Austria en Magallanes,<br>Theresia Hofer Gesiler.<br>La Delegada Presidencial Regional, Luz Berm\u00fadez Sandoval, indic\u00f3 que \u201cfue una conversaci\u00f3n muy<br>interesante, que viene a ratificar lo que todos ya hemos vislumbrado con respecto al porvenir de<br>Chile y de la regi\u00f3n de Magallanes en cuanto a la industria del Hidr\u00f3geno Verde. Sabemos que es un<br>largo camino que reci\u00e9n comenzamos a recorrer, la estrategia nacional de hidr\u00f3geno verde es una<br>pol\u00edtica de largo plazo que establece las ambiciones de Chile para crear una nueva industria en<br>beneficio de nuestro pa\u00eds, y de todas y todos sus habitantes.<br>Seg\u00fan el embajador Vavrik, para Austria a nivel pol\u00edtico, conocer el territorio chileno es un tema<br>relevante. La inversi\u00f3n futura austriaca ha puesto los ojos en Chile como uno de los puertos de<br>inversi\u00f3n m\u00e1s importante para ese pa\u00eds, considerando el nuestro, como un puerto clave para la<br>industria del hidr\u00f3geno verde.<br>\u201cEn Europa sabemos que s\u00f3lo podemos producir la mitad del h2v que vamos a necesitar en el<br>futuro para descarbonizar la econom\u00eda y que Chile va a ser uno de los pa\u00edses con m\u00e1s potencial de<br>producci\u00f3n y de exportaci\u00f3n de h2v, que es la raz\u00f3n por la cual tenemos un proyecto austriaco en<br>Magallanes, previsto que si todo funciona podamos tener la producci\u00f3n el 27\u201d, explica el<br>embajador.<br>Por esa raz\u00f3n el acercamiento con las autoridades chilenas es importante, para tomar conocimiento<br>del nivel de preparaci\u00f3n del pa\u00eds, especialmente a nivel regional, saber c\u00f3mo adaptarse, prepararse,<br>colaborar en la integraci\u00f3n con las comunidades.<\/p>\n\n\n\n<p>El embajador asegura que la vida cambiar\u00e1 de manera intensa, por ser el Hidr\u00f3geno Verde una<br>industria tan grande, que inicia desde cero, de potencial mundial y que estar\u00e1 instalada en una<br>regi\u00f3n de solo 250 mil habitantes. \u201cTodo lo que estar\u00e1 alrededor del H2V no es s\u00f3lo la producci\u00f3n,<br>se van a inventar nuevos productos, nuevas tecnolog\u00edas y todo eso va a llegar a la regi\u00f3n.<br>Eventualmente con empresas austriacas que tambi\u00e9n son activas a nivel mundial, en el sector del<br>H2V\u201d, indica.<br>Actualmente, por razones de distancia y costos, existe una relaci\u00f3n comercial entre ambos pa\u00edses<br>que no es tan intensa, como lo es con los pa\u00edses vecinos, pero \u2013asegura el diplom\u00e1tico- las<br>proyecciones econ\u00f3micas son auspiciosas. \u201cAhora el H2V que va a ser un producto de muy alto<br>costo y valor va a cambiar, obviamente, el comercio. Ya tenemos en Europa la importaci\u00f3n del litio y<br>el cobre, pero con h2v se piensa que se va a duplicar el valor de las exportaciones de Chile y el rol<br>de Chile dentro del cambio clim\u00e1tico a nivel mundial\u201d.<br>La Delegada Berm\u00fadez, \u201cComo dije, esto requiere de tiempo, nuestro Gobierno quiere impulsar el<br>Hidr\u00f3geno Verde de forma transversal, quiere generar nuevas actividades econ\u00f3micas en el pa\u00eds,<br>pero haciendo \u00e9nfasis en el desarrollo local arm\u00f3nico, justo y equilibrado. Con las regulaciones que<br>se precisen en materia ambiental y social y por eso trabajaremos en esta agenda con todo nuestro<br>compromiso y en forma mancomunada con las carteras relacionadas\u201d, se\u00f1al\u00f3 la autoridad.<br>Reforzando lo antes expuesto por el embajador, este viernes llega a conocer la regi\u00f3n una<br>delegaci\u00f3n de la industria austriaca, para analizar todo el sector H2V, su potencial y la colaboraci\u00f3n<br>que puedan otorgar a empresas chilenas y a la regi\u00f3n.<\/p>\n","protected":false},"excerpt":{"rendered":"<p>Este jueves el Embajador de Austria en Chile, Stephan Vavrik,se reuni\u00f3 con la Delegada Presidencial Regional, Luz Berm\u00fadez Sandoval, para conversar dedistintos t\u00f3picos relativos a la regi\u00f3n, con un tema&#8230; <a class=\"read-more\" href=\"https:\/\/www.radiopresidenteibanez.cl\/web\/hidrogeno-verde-tema-central-del-encuentroentre-embajador-de-austria-y-delegadapresidencial\/\">Leer m\u00e1s<\/a><\/p>\n","protected":false},"author":2,"featured_media":38388,"comment_status":"closed","ping_status":"closed","sticky":false,"template":"","format":"standard","meta":{"footnotes":""},"categories":[1],"tags":[],"class_list":["post-38387","post","type-post","status-publish","format-standard","has-post-thumbnail","hentry","category-cronica"],"_links":{"self":[{"href":"https:\/\/www.radiopresidenteibanez.cl\/web\/wp-json\/wp\/v2\/posts\/38387","targetHints":{"allow":["GET"]}}],"collection":[{"href":"https:\/\/www.radiopresidenteibanez.cl\/web\/wp-json\/wp\/v2\/posts"}],"about":[{"href":"https:\/\/www.radiopresidenteibanez.cl\/web\/wp-json\/wp\/v2\/types\/post"}],"author":[{"embeddable":true,"href":"https:\/\/www.radiopresidenteibanez.cl\/web\/wp-json\/wp\/v2\/users\/2"}],"replies":[{"embeddable":true,"href":"https:\/\/www.radiopresidenteibanez.cl\/web\/wp-json\/wp\/v2\/comments?post=38387"}],"version-history":[{"count":0,"href":"https:\/\/www.radiopresidenteibanez.cl\/web\/wp-json\/wp\/v2\/posts\/38387\/revisions"}],"wp:featuredmedia":[{"embeddable":true,"href":"https:\/\/www.radiopresidenteibanez.cl\/web\/wp-json\/wp\/v2\/media\/38388"}],"wp:attachment":[{"href":"https:\/\/www.radiopresidenteibanez.cl\/web\/wp-json\/wp\/v2\/media?parent=38387"}],"wp:term":[{"taxonomy":"category","embeddable":true,"href":"https:\/\/www.radiopresidenteibanez.cl\/web\/wp-json\/wp\/v2\/categories?post=38387"},{"taxonomy":"post_tag","embeddable":true,"href":"https:\/\/www.radiopresidenteibanez.cl\/web\/wp-json\/wp\/v2\/tags?post=38387"}],"curies":[{"name":"wp","href":"https:\/\/api.w.org\/{rel}","templated":true}]}}