{"id":38384,"date":"2023-03-24T11:25:00","date_gmt":"2023-03-24T14:25:00","guid":{"rendered":"https:\/\/www.radiopresidenteibanez.cl\/web\/?p=38384"},"modified":"2023-03-24T10:25:57","modified_gmt":"2023-03-24T13:25:57","slug":"con-enfasis-en-la-prevencion-y-fiscalizacion-sesiono-mesa-tecnica-de-marea-roja-en-preparacion-a-semana-santa","status":"publish","type":"post","link":"https:\/\/www.radiopresidenteibanez.cl\/web\/con-enfasis-en-la-prevencion-y-fiscalizacion-sesiono-mesa-tecnica-de-marea-roja-en-preparacion-a-semana-santa\/","title":{"rendered":"CON \u00c9NFASIS EN LA PREVENCI\u00d3N Y FISCALIZACI\u00d3N, SESION\u00d3 MESA T\u00c9CNICA DE MAREA ROJA EN PREPARACI\u00d3N A SEMANA SANTA"},"content":{"rendered":"\n<p>Con la presencia de la Delegada Presidencial Regional, Luz Berm\u00fadez, y la Seremi de Salud Francisca<br>Sanfuentes, se realiz\u00f3 la primera reuni\u00f3n del a\u00f1o de la Mesa T\u00e9cnica de Marea Roja en preparaci\u00f3n a<br>Semana Santa y al aumento de consumo de productos del mar en esta fecha.<br>Al encuentro asisti\u00f3 la Directora del Servicio de Salud de Magallanes, Ver\u00f3nica Y\u00e1\u00f1ez, el Seremi<br>Desarrollo Social Magallanes, Danilo Mimica, representantes de Servicio Nacional de Pesca y<br>Acuicultura, Subsecretar\u00eda de Pesca y Acuicultura, IFOP, Carabineros, Armada, Seremi del Trabajo,<br>entre otros.<br>La Delegada Luz Berm\u00fadez se\u00f1al\u00f3 que \u201cesta mesa t\u00e9cnica permite reforzar las distintas actividades<br>preventivas, la articulaci\u00f3n en los distintos servicios, pero sobre todo hacer el llamado a la comunidad<br>que la mejor manera de prevenir una intoxicaci\u00f3n de marea roja es comprar en los lugares<br>certificados, ya que es la \u00fanica manera que podemos asegurar que el producto est\u00e9 libre de marea roja<br>y no comprar en aquel comercio donde no podemos dar esta garant\u00eda\u201d.<br>La SEREMI Sanfuentes explic\u00f3 que la mesa de trabajo intersectorial abord\u00f3 la situaci\u00f3n de este<br>fen\u00f3meno en la regi\u00f3n y las diversas acciones que se est\u00e1n desarrollando durante todo el a\u00f1o,<br>especialmente durante Semana Santa, \u00e9poca en que aumenta el riesgo asociado al mayor consumo y<br>comercializaci\u00f3n de mariscos. \u201cEsta mesa tiene como objetivo potenciar las acciones preventivas y de<br>fiscalizaci\u00f3n con la finalidad de entregar a la comunidad la seguridad y as\u00ed poder consumir con<br>tranquilidad los productos, teniendo en cuenta que los lugares donde se comercialicen y la gente que<br>extrae siempre los analicen adecuadamente para descartar la presencia de toxina de marea roja\u201d,<br>puntualiz\u00f3.<br>En materia de fiscalizaci\u00f3n, se reforzar\u00e1n las inspecciones en las pescader\u00edas y puntos de venta de las<br>principales ciudades de la regi\u00f3n para resguardar la salud de la comunidad y propiciar un consumo<br>seguro de mariscos. Se ha programado fiscalizar cerca de 70 locales en la regi\u00f3n, en un accionar en<br>conjunto con Sernapesca, Carabineros y Armada.<br>En este sentido, el prefecto de Carabineros de la prefectura Magallanes, Comandante Max Sold\u00e1n,<br>indic\u00f3 que \u201cla Instituci\u00f3n fiscaliza y controla de forma permanente en terreno, pero espec\u00edficamente<br>para esta mesa, ya estamos trabajando en una planificaci\u00f3n de servicios policiales para un<br>desplazamiento en los distintos puntos de la regi\u00f3n\u201d. Aclar\u00f3 que no s\u00f3lo se cumple una labor<br>inspectiva, sino tambi\u00e9n se orienta y cumple un rol informativo en la comunidad.<br>Agreg\u00f3 la SEREMI Sanfuentes que: \u201cSabemos que existe y ha aumentado la venta de productos por<br>redes sociales, por lo cual se debe privilegiar que provengan de locales establecidos y que cuenten con<br>su informe de an\u00e1lisis respectivo, de lo contrario sin estas condiciones, implica un riesgo muy<\/p>\n\n\n\n<p>relevante para la salud, como es sufrir una intoxicaci\u00f3n, la cual puede finalizar con la muerte de la<br>persona\u201d, enfatiz\u00f3.<\/p>\n","protected":false},"excerpt":{"rendered":"<p>Con la presencia de la Delegada Presidencial Regional, Luz Berm\u00fadez, y la Seremi de Salud FranciscaSanfuentes, se realiz\u00f3 la primera reuni\u00f3n del a\u00f1o de la Mesa T\u00e9cnica de Marea Roja&#8230; <a class=\"read-more\" href=\"https:\/\/www.radiopresidenteibanez.cl\/web\/con-enfasis-en-la-prevencion-y-fiscalizacion-sesiono-mesa-tecnica-de-marea-roja-en-preparacion-a-semana-santa\/\">Leer m\u00e1s<\/a><\/p>\n","protected":false},"author":2,"featured_media":38385,"comment_status":"closed","ping_status":"closed","sticky":false,"template":"","format":"standard","meta":{"footnotes":""},"categories":[1],"tags":[],"class_list":["post-38384","post","type-post","status-publish","format-standard","has-post-thumbnail","hentry","category-cronica"],"_links":{"self":[{"href":"https:\/\/www.radiopresidenteibanez.cl\/web\/wp-json\/wp\/v2\/posts\/38384","targetHints":{"allow":["GET"]}}],"collection":[{"href":"https:\/\/www.radiopresidenteibanez.cl\/web\/wp-json\/wp\/v2\/posts"}],"about":[{"href":"https:\/\/www.radiopresidenteibanez.cl\/web\/wp-json\/wp\/v2\/types\/post"}],"author":[{"embeddable":true,"href":"https:\/\/www.radiopresidenteibanez.cl\/web\/wp-json\/wp\/v2\/users\/2"}],"replies":[{"embeddable":true,"href":"https:\/\/www.radiopresidenteibanez.cl\/web\/wp-json\/wp\/v2\/comments?post=38384"}],"version-history":[{"count":0,"href":"https:\/\/www.radiopresidenteibanez.cl\/web\/wp-json\/wp\/v2\/posts\/38384\/revisions"}],"wp:featuredmedia":[{"embeddable":true,"href":"https:\/\/www.radiopresidenteibanez.cl\/web\/wp-json\/wp\/v2\/media\/38385"}],"wp:attachment":[{"href":"https:\/\/www.radiopresidenteibanez.cl\/web\/wp-json\/wp\/v2\/media?parent=38384"}],"wp:term":[{"taxonomy":"category","embeddable":true,"href":"https:\/\/www.radiopresidenteibanez.cl\/web\/wp-json\/wp\/v2\/categories?post=38384"},{"taxonomy":"post_tag","embeddable":true,"href":"https:\/\/www.radiopresidenteibanez.cl\/web\/wp-json\/wp\/v2\/tags?post=38384"}],"curies":[{"name":"wp","href":"https:\/\/api.w.org\/{rel}","templated":true}]}}