{"id":38381,"date":"2023-03-24T10:39:00","date_gmt":"2023-03-24T13:39:00","guid":{"rendered":"https:\/\/www.radiopresidenteibanez.cl\/web\/?p=38381"},"modified":"2023-03-24T10:18:56","modified_gmt":"2023-03-24T13:18:56","slug":"barco-de-greenpeace-llego-al-sur-de-chile-para-proteger-los-mares-de-la-industria-salmonera","status":"publish","type":"post","link":"https:\/\/www.radiopresidenteibanez.cl\/web\/barco-de-greenpeace-llego-al-sur-de-chile-para-proteger-los-mares-de-la-industria-salmonera\/","title":{"rendered":"<strong>Barco de Greenpeace lleg\u00f3 al sur de Chile para proteger los mares de la industria salmonera<\/strong>"},"content":{"rendered":"\n<p>\u201cWitness\u201d, el barco m\u00e1s nuevo y ecol\u00f3gico de Greenpeace, ya est\u00e1 en la Patagonia chilena y estar\u00e1 un mes recorriendo los fiordos patag\u00f3nicos, en el marco de la campa\u00f1a <a href=\"http:\/\/www.nomassalmoneras.cl\">www.nomassalmoneras.cl<\/a> que busca proteger los mares del sur de la expansi\u00f3n de la industria salmonera. La campa\u00f1a de la ONG aprovechar\u00e1 el barco para constatar y denunciar, junto a cient\u00edficos y activistas, los impactos de la salmonicultura en aguas patag\u00f3nicas.&nbsp;<\/p>\n\n\n\n<p>Construido en 2003 en Sud\u00e1frica y anteriormente conocido como Pelagic Australis, el Witness, el barco m\u00e1s peque\u00f1o de la flota de la organizaci\u00f3n, naci\u00f3 con los colores de Greenpeace en septiembre de 2021. Tiene 22,5 metros de largo y cuenta con una quilla y tim\u00f3n que se elevan, por lo que puede navegar en aguas poco profundas, inaccesibles para barcos m\u00e1s grandes. La forma principal de propulsi\u00f3n son las velas, siendo un un velero de buen rendimiento al que se agregaron turbinas e\u00f3licas y paneles solares a un sistema optimizado de administraci\u00f3n de energ\u00eda.<strong><\/strong><\/p>\n\n\n\n<p>\u201cEste barco viene a ayudarnos a documentar c\u00f3mo la industria salmonera es una actividad que introduce especies ex\u00f3ticas invasoras para cultivarlas de manera intensiva y con altas densidades, que a trav\u00e9s del uso indiscriminado de qu\u00edmicos y antibi\u00f3ticos, impactan en los fiordos de nuestra Patagonia, da\u00f1ando sus aguas y fondos marinos\u201d, explica Estefan\u00eda Gonz\u00e1lez, la vocera de la ONG.<\/p>\n\n\n\n<p>Agreg\u00f3 que: <em>\u201c<\/em><em>Greenpeace se ha caracterizado por su trabajo en terreno donde puede llegar a zonas muy remotas que incluso son de dif\u00edcil acceso para el propio Estado. Este barco, al ser m\u00e1s peque\u00f1o, nos permitir\u00e1 llegar mucho m\u00e1s cerca de los centros que hoy operan en Magallanes, para documentar sus instalaciones y proporcionar antecedentes para la comunidad local. Tendremos el desaf\u00edo de las condiciones climatol\u00f3gicas, pero estamos seguros que el Witness ser\u00e1 una importante herramienta para poder detener la expansi\u00f3n de una industria contaminante de nuestro pa\u00eds\u201d<\/em>.<strong><\/strong><\/p>\n\n\n\n<p>La llegada del Witness se suma a la filmaci\u00f3n, hace un a\u00f1o, del documental \u00abPor Aqu\u00ed No\u00bb, protagonizado por Carolina Arregui y Benjam\u00edn Vicu\u00f1a quienes recorrieron parte de la zona en el marco de esta campa\u00f1a que busca decir No M\u00e1s Salmoneras en la Patagonia chilena.&nbsp;&nbsp;<\/p>\n","protected":false},"excerpt":{"rendered":"<p>\u201cWitness\u201d, el barco m\u00e1s nuevo y ecol\u00f3gico de Greenpeace, ya est\u00e1 en la Patagonia chilena y estar\u00e1 un mes recorriendo los fiordos patag\u00f3nicos, en el marco de la campa\u00f1a www.nomassalmoneras.cl&#8230; <a class=\"read-more\" href=\"https:\/\/www.radiopresidenteibanez.cl\/web\/barco-de-greenpeace-llego-al-sur-de-chile-para-proteger-los-mares-de-la-industria-salmonera\/\">Leer m\u00e1s<\/a><\/p>\n","protected":false},"author":2,"featured_media":38382,"comment_status":"closed","ping_status":"closed","sticky":false,"template":"","format":"standard","meta":{"footnotes":""},"categories":[1],"tags":[],"class_list":["post-38381","post","type-post","status-publish","format-standard","has-post-thumbnail","hentry","category-cronica"],"_links":{"self":[{"href":"https:\/\/www.radiopresidenteibanez.cl\/web\/wp-json\/wp\/v2\/posts\/38381","targetHints":{"allow":["GET"]}}],"collection":[{"href":"https:\/\/www.radiopresidenteibanez.cl\/web\/wp-json\/wp\/v2\/posts"}],"about":[{"href":"https:\/\/www.radiopresidenteibanez.cl\/web\/wp-json\/wp\/v2\/types\/post"}],"author":[{"embeddable":true,"href":"https:\/\/www.radiopresidenteibanez.cl\/web\/wp-json\/wp\/v2\/users\/2"}],"replies":[{"embeddable":true,"href":"https:\/\/www.radiopresidenteibanez.cl\/web\/wp-json\/wp\/v2\/comments?post=38381"}],"version-history":[{"count":0,"href":"https:\/\/www.radiopresidenteibanez.cl\/web\/wp-json\/wp\/v2\/posts\/38381\/revisions"}],"wp:featuredmedia":[{"embeddable":true,"href":"https:\/\/www.radiopresidenteibanez.cl\/web\/wp-json\/wp\/v2\/media\/38382"}],"wp:attachment":[{"href":"https:\/\/www.radiopresidenteibanez.cl\/web\/wp-json\/wp\/v2\/media?parent=38381"}],"wp:term":[{"taxonomy":"category","embeddable":true,"href":"https:\/\/www.radiopresidenteibanez.cl\/web\/wp-json\/wp\/v2\/categories?post=38381"},{"taxonomy":"post_tag","embeddable":true,"href":"https:\/\/www.radiopresidenteibanez.cl\/web\/wp-json\/wp\/v2\/tags?post=38381"}],"curies":[{"name":"wp","href":"https:\/\/api.w.org\/{rel}","templated":true}]}}