{"id":38363,"date":"2023-03-23T17:25:00","date_gmt":"2023-03-23T20:25:00","guid":{"rendered":"https:\/\/www.radiopresidenteibanez.cl\/web\/?p=38363"},"modified":"2023-03-23T12:09:03","modified_gmt":"2023-03-23T15:09:03","slug":"ministerio-de-las-culturas-presenta-antologia-ciudadana-de-las-lecturas-y-el-medioambiente","status":"publish","type":"post","link":"https:\/\/www.radiopresidenteibanez.cl\/web\/ministerio-de-las-culturas-presenta-antologia-ciudadana-de-las-lecturas-y-el-medioambiente\/","title":{"rendered":"Ministerio de las Culturas presenta Antolog\u00eda ciudadana de las lecturas y el medioambiente"},"content":{"rendered":"\n<p>Como parte de la celebraci\u00f3n del D\u00eda Mundial del Agua, el Ministerio de las<br>Cultura, las Artes y el Patrimonio, a trav\u00e9s del Plan Nacional de la Lectura,<br>presenta la \u201cAntolog\u00eda ciudadana de las lecturas y el medioambiente\u201d. El libro<br>re\u00fane 16 especies nativas de Chile, seleccionadas a partir de una convocatoria<br>abierta a la ciudadan\u00eda en julio de 2022, que invit\u00f3 a compartir la flora y fauna<br>preferida de las personas.&nbsp;<br>\u201cHoy como Ministerio presentamos esta nueva antolog\u00eda ciudadana, la s\u00e9ptima, y<br>que en este d\u00eda especial celebra nuestros ecosistemas y a las especies que<br>habitan el territorio chileno. Esta publicaci\u00f3n es una invitaci\u00f3n, desde la<br>literatura, a conocerlas, a valorarlas y protegerlas. A aprender de ellas a trav\u00e9s<br>de la lectura de sus fichas y rese\u00f1as, y de las hermosas ilustraciones que<br>contiene\u201d, se\u00f1al\u00f3 Andrea Guti\u00e9rrez, subsecretaria de las Culturas.<br>La circulaci\u00f3n de la publicaci\u00f3n comienza este 22 de marzo fecha en la que se<br>conmemora el D\u00eda Mundial del Agua, con el fin de generar conciencia acerca de<br>la importancia de cuidar este recurso, para la vida de los seres humanos y<br>especies que habitan el planeta en la Tierra.<br>&nbsp;<br>Sobre la publicaci\u00f3n<br>El librillo incluye rese\u00f1as y fichas de flora y fauna, cuyos textos van acompa\u00f1ados<br>del trabajo de ocho destacados ilustradores nacionales, entre ellos Alejandra<br>Acosta, Marcelo Escobar, Carola Josefa, Andr\u00e9s Jullian, Karina Letelier, Gabriela<br>Lyon, Itza Maturana y Tom\u00e1s Olivos, adem\u00e1s de la portada de Luisa Rivera. Los<br>textos son de autor\u00eda de los bi\u00f3logos Sebasti\u00e1n Teillier Arredondo, especialista en<br>flora; y Juan C. Torres-Mura, especialista en fauna.<\/p>\n\n\n\n<p>Entre la flora se puede encontrar el alerce, la araucaria, la fucsia, la lenga, la<br>palma chilena, el quillay, el quisco y el tamarugo; y entre la fauna la bandurria,<br>el c\u00f3ndor, el delf\u00edn chileno, el&nbsp;huemul, el&nbsp;monito del monte, el puma, la ranita<br>de Darwin&nbsp;y el siete colores, las especies preferidas y m\u00e1s votadas por la<br>ciudadan\u00eda.<br>La antolog\u00eda estar\u00e1&nbsp;disponible para descarga y lectura en la BPDigital&nbsp;y en<br>la&nbsp;p\u00e1gina web del Plan de la Lectura. Adem\u00e1s, ser\u00e1 distribuida en su versi\u00f3n<br>impresa en actividades ciudadanas durante el mes del libro en abril.<br>&nbsp;<br>Antolog\u00edas ciudadanas<br>Esta publicaci\u00f3n del Plan Nacional de Lectura es parte de una serie de antolog\u00edas<br>ciudadanas que se han trasformado en una tradici\u00f3n en torno a distintos<br>homenajes ligados al mundo del libro y la lectura. En 2015,&nbsp;se celebr\u00f3 a Gabriela<br>Mistral por los 70 a\u00f1os de la obtenci\u00f3n del Premio Nobel; en 2016, a&nbsp;Gonzalo<br>Rojas por su centenario con el poemario&nbsp;Veloc\u00edsimo; en 2017,&nbsp;Violeta Parra a<br>trav\u00e9s de un cancionero popular; en 2019,&nbsp;se reedit\u00f3 la antolog\u00eda de Mistral&nbsp;al<br>cumplirse 130 a\u00f1os de su nacimiento; en 2020, se public\u00f3&nbsp;Mar\u00eda Luisa Bombal<br>110&nbsp; a\u00f1os; y en 2021,&nbsp;Wajmapu Wixal. El tejido po\u00e9tico del wajmapu&nbsp;en<br>reconocimiento a la obtenci\u00f3n de Premio Nacional de Literatura por parte del<br>primer autor mapuche: Elicura Chihuailaf.<br>&nbsp;<br>El a\u00f1o de las lecturas y el medioambiente<br>Durante 2022, el Plan Nacional de la Lectura impuls\u00f3&nbsp;El a\u00f1o de las lecturas y el<br>medioambiente, invitando a dialogar sobre temas relacionados con la valoraci\u00f3n<br>y la conservaci\u00f3n de la biodiversidad; la generaci\u00f3n de formas sustentables de<br>habitar los territorios; la ecolog\u00eda y el patrimonio natural; las ciencias y<br>exploraci\u00f3n, y la educaci\u00f3n ambiental, entre otros. De ello emana esta<br>publicaci\u00f3n que releva la importancia de encontrar en la naturaleza un espacio<br>identitario, que de la mano de la divulgaci\u00f3n cient\u00edfica y a trav\u00e9s de textos<br>informativos puede encontrarse con un p\u00fablico diverso y \u00e1vido por descubrirla.<br>La presente antolog\u00eda se enmarca en dicha celebraci\u00f3n, que abarc\u00f3 diversas<br>actividades e iniciativas del Plan a lo largo del pa\u00eds.<\/p>\n","protected":false},"excerpt":{"rendered":"<p>Como parte de la celebraci\u00f3n del D\u00eda Mundial del Agua, el Ministerio de lasCultura, las Artes y el Patrimonio, a trav\u00e9s del Plan Nacional de la Lectura,presenta la \u201cAntolog\u00eda ciudadana&#8230; <a class=\"read-more\" href=\"https:\/\/www.radiopresidenteibanez.cl\/web\/ministerio-de-las-culturas-presenta-antologia-ciudadana-de-las-lecturas-y-el-medioambiente\/\">Leer m\u00e1s<\/a><\/p>\n","protected":false},"author":2,"featured_media":38364,"comment_status":"closed","ping_status":"closed","sticky":false,"template":"","format":"standard","meta":{"footnotes":""},"categories":[1],"tags":[],"class_list":["post-38363","post","type-post","status-publish","format-standard","has-post-thumbnail","hentry","category-cronica"],"_links":{"self":[{"href":"https:\/\/www.radiopresidenteibanez.cl\/web\/wp-json\/wp\/v2\/posts\/38363","targetHints":{"allow":["GET"]}}],"collection":[{"href":"https:\/\/www.radiopresidenteibanez.cl\/web\/wp-json\/wp\/v2\/posts"}],"about":[{"href":"https:\/\/www.radiopresidenteibanez.cl\/web\/wp-json\/wp\/v2\/types\/post"}],"author":[{"embeddable":true,"href":"https:\/\/www.radiopresidenteibanez.cl\/web\/wp-json\/wp\/v2\/users\/2"}],"replies":[{"embeddable":true,"href":"https:\/\/www.radiopresidenteibanez.cl\/web\/wp-json\/wp\/v2\/comments?post=38363"}],"version-history":[{"count":0,"href":"https:\/\/www.radiopresidenteibanez.cl\/web\/wp-json\/wp\/v2\/posts\/38363\/revisions"}],"wp:featuredmedia":[{"embeddable":true,"href":"https:\/\/www.radiopresidenteibanez.cl\/web\/wp-json\/wp\/v2\/media\/38364"}],"wp:attachment":[{"href":"https:\/\/www.radiopresidenteibanez.cl\/web\/wp-json\/wp\/v2\/media?parent=38363"}],"wp:term":[{"taxonomy":"category","embeddable":true,"href":"https:\/\/www.radiopresidenteibanez.cl\/web\/wp-json\/wp\/v2\/categories?post=38363"},{"taxonomy":"post_tag","embeddable":true,"href":"https:\/\/www.radiopresidenteibanez.cl\/web\/wp-json\/wp\/v2\/tags?post=38363"}],"curies":[{"name":"wp","href":"https:\/\/api.w.org\/{rel}","templated":true}]}}