{"id":38351,"date":"2023-03-23T13:49:00","date_gmt":"2023-03-23T16:49:00","guid":{"rendered":"https:\/\/www.radiopresidenteibanez.cl\/web\/?p=38351"},"modified":"2023-03-23T11:15:03","modified_gmt":"2023-03-23T14:15:03","slug":"cooperativa-nuke-mapu-invita-a-participar-de-la-primera-feria-cultural-que-concentra-saberes-campesinos-de-la-patagonia","status":"publish","type":"post","link":"https:\/\/www.radiopresidenteibanez.cl\/web\/cooperativa-nuke-mapu-invita-a-participar-de-la-primera-feria-cultural-que-concentra-saberes-campesinos-de-la-patagonia\/","title":{"rendered":"<strong>Cooperativa \u00d1uke Mapu invita a participar de la primera feria cultural que concentra saberes campesinos de la Patagonia<\/strong>"},"content":{"rendered":"\n<p>La propuesta es ambiciosa pero necesaria: Concentrar todos los saberes campesinos en un predio para que la gente \u201ccoseche conocimientos culturales\u201d propios de la zona. Muchos totalmente olvidados y es que hoy pocos saben de las t\u00e9cnicas para procesar el junco, trabajar la lenga, la greda, el mimbre o los secretos para lograr un buen cultivo.<\/p>\n\n\n\n<p>\u201cQueremos poner en valor el trabajo campesino y las distintas t\u00e9cnicas artesanales que se practican en la regi\u00f3n austral. Y lo hacemos de cara a la comunidad, como parte de nuestra pol\u00edtica de rescate y educaci\u00f3n. Se trata de una fiesta muy necesaria que engrandece el patrimonio cultural inmaterial de Magallanes\u201d, explic\u00f3 Nirmia Salamanca, socia de la cooperativa \u00d1uke Mapu de Puerto Natales. &nbsp;&nbsp;<\/p>\n\n\n\n<p>La actividad denominada \u201cFeria Ra\u00edces del Campo 2023, Cosechando Saberes\u201d se realizar\u00e1 en el huerto 202, Camino 2, Puerto Natales. &nbsp;Comienza el s\u00e1bado 25 de marzo, a las 15 horas y se extender\u00e1 hasta las 21 horas. Toda la familia natalina est\u00e1 invitada.<\/p>\n\n\n\n<p>A la cita, financiada por el programa Fortalecimiento Gremial y Cooperativo Chile Apoya de Sercotec, asisten agricultores, artesanos en junco, madera, mimbre, productores cerveceros, entre otros. A su vez, la ONG El Otro capital, esclarecer\u00e1 dudas a los interesados en asociarse productivamente. Todo amenizado con la m\u00fasica del finalista de The Voice, el cantante Roberto Lobos. &nbsp;<\/p>\n\n\n\n<p>\u201cAbriremos la intimidad de nuestro huerto (5 hect\u00e1reas) y mostraremos a la comunidad c\u00f3mo se desarrolla la agricultura regional, dando cuenta de los principales cultivos asociados a la agroecolog\u00eda y a la identidad propia de la localidad. La invitaci\u00f3n es a que asista la familia y todos quienes est\u00e9n interesados en conocer el mundo y los saberes campesinos\u201d, asegur\u00f3 Salamanca.<\/p>\n\n\n\n<p><strong>Cultores invitados<\/strong><\/p>\n\n\n\n<p>Amir Caro es artesana de junco y con tristeza ve c\u00f3mo se pierde la t\u00e9cnica del junco y la poca valoraci\u00f3n que la comunidad local tiene hacia la milenaria cester\u00eda. \u201cLos turistas son los que m\u00e1s valoran mi trabajo. Creo que esta actividad es una buena oportunidad para que conozcan los saberes de mi cultura y nosotros podamos intercambiar experiencias. Por ejemplo, me llam\u00f3 mucho la atenci\u00f3n el trabajo de mimbre y quiz\u00e1s algo se pueda fusionar, entre lo mapuche y kawesqar\u201d, expres\u00f3 la artesana.&nbsp;<\/p>\n\n\n\n<p>Otros invitados son: Gabriela Alarc\u00f3n de Patagonia Breeze, desarrolla aromaterapia con plantas nativas y aut\u00f3ctonas; Andr\u00e9s Vera, productor artesanal de la Cerveza Puestera; \u00c1ngel Vera, artesano en greda; la empresa Compost Coir\u00f3n; la pareja de agricultores de INDAP, Teresa Navarro y Luis Vargas de Nothofagus Hidropon\u00eda; Bernardita Godoi Nahuelquin, artesana en lana; entre otros.<\/p>\n","protected":false},"excerpt":{"rendered":"<p>La propuesta es ambiciosa pero necesaria: Concentrar todos los saberes campesinos en un predio para que la gente \u201ccoseche conocimientos culturales\u201d propios de la zona. Muchos totalmente olvidados y es&#8230; <a class=\"read-more\" href=\"https:\/\/www.radiopresidenteibanez.cl\/web\/cooperativa-nuke-mapu-invita-a-participar-de-la-primera-feria-cultural-que-concentra-saberes-campesinos-de-la-patagonia\/\">Leer m\u00e1s<\/a><\/p>\n","protected":false},"author":2,"featured_media":38352,"comment_status":"closed","ping_status":"closed","sticky":false,"template":"","format":"standard","meta":{"footnotes":""},"categories":[1],"tags":[],"class_list":["post-38351","post","type-post","status-publish","format-standard","has-post-thumbnail","hentry","category-cronica"],"_links":{"self":[{"href":"https:\/\/www.radiopresidenteibanez.cl\/web\/wp-json\/wp\/v2\/posts\/38351","targetHints":{"allow":["GET"]}}],"collection":[{"href":"https:\/\/www.radiopresidenteibanez.cl\/web\/wp-json\/wp\/v2\/posts"}],"about":[{"href":"https:\/\/www.radiopresidenteibanez.cl\/web\/wp-json\/wp\/v2\/types\/post"}],"author":[{"embeddable":true,"href":"https:\/\/www.radiopresidenteibanez.cl\/web\/wp-json\/wp\/v2\/users\/2"}],"replies":[{"embeddable":true,"href":"https:\/\/www.radiopresidenteibanez.cl\/web\/wp-json\/wp\/v2\/comments?post=38351"}],"version-history":[{"count":0,"href":"https:\/\/www.radiopresidenteibanez.cl\/web\/wp-json\/wp\/v2\/posts\/38351\/revisions"}],"wp:featuredmedia":[{"embeddable":true,"href":"https:\/\/www.radiopresidenteibanez.cl\/web\/wp-json\/wp\/v2\/media\/38352"}],"wp:attachment":[{"href":"https:\/\/www.radiopresidenteibanez.cl\/web\/wp-json\/wp\/v2\/media?parent=38351"}],"wp:term":[{"taxonomy":"category","embeddable":true,"href":"https:\/\/www.radiopresidenteibanez.cl\/web\/wp-json\/wp\/v2\/categories?post=38351"},{"taxonomy":"post_tag","embeddable":true,"href":"https:\/\/www.radiopresidenteibanez.cl\/web\/wp-json\/wp\/v2\/tags?post=38351"}],"curies":[{"name":"wp","href":"https:\/\/api.w.org\/{rel}","templated":true}]}}