{"id":38348,"date":"2023-03-23T12:23:00","date_gmt":"2023-03-23T15:23:00","guid":{"rendered":"https:\/\/www.radiopresidenteibanez.cl\/web\/?p=38348"},"modified":"2023-03-23T10:06:23","modified_gmt":"2023-03-23T13:06:23","slug":"carabineros-comparten-charlas-de-convivencia-saludable-ciberacoso-y-cuidado-de-redes-sociales-a-estudiantes-de-la-region","status":"publish","type":"post","link":"https:\/\/www.radiopresidenteibanez.cl\/web\/carabineros-comparten-charlas-de-convivencia-saludable-ciberacoso-y-cuidado-de-redes-sociales-a-estudiantes-de-la-region\/","title":{"rendered":"CARABINEROS COMPARTEN CHARLAS DE CONVIVENCIA SALUDABLE, CIBERACOSO Y CUIDADO DE REDES SOCIALES A ESTUDIANTES DE LA REGION"},"content":{"rendered":"\n<p>El pasado a\u00f1o 2022 se llevaron a cabo en 14 establecimientos educacionales las denominadas charlas de \u201cprimeros auxilios psicol\u00f3gicos\u201d, las cuales tuvieron como finalidad desarrollar e impulsar la toma de una conciencia emp\u00e1tica frente a mis pares, sensibilizando e instaurando la reflexi\u00f3n sobre la conducta violenta y la adecuada administraci\u00f3n de emociones e impulsos. Este trabajo experimental de la Prefectura de Magallanes nr.28, para este a\u00f1o incluye nuevos e importantes elementos para el autocuidado frente al ciberbullying y manejo de nuestras redes sociales.<\/p>\n\n\n\n<p>El psic\u00f3logo forense de carabineros Claudio Carrera Doolan explica que, el a\u00f1o pasado se comparti\u00f3 con m\u00e1s de 1800 alumnos: \u201cEste trabajo estuvo inserto en la l\u00ednea de apoyar la convivencia escolar saludable. Lo anterior, ha sido relevante porque nosotros participamos tambi\u00e9n de los procesos de postulaci\u00f3n, y muchas veces de j\u00f3venes que vienen de colegios, y en esa l\u00ednea la idea es apoyar en todo lo que significan los temas de convivencia escolar, ciberacoso, temas que muchas veces no se manejan, que tiene que ver con las redes sociales, el riesgo de no cuidar nuestras propias claves, o la informaci\u00f3n que uno mismo sube y exhibe, informaci\u00f3n por ejemplo tan delicada como; si estamos o no en nuestras casas, si hemos salido, si tenemos un nuevo veh\u00edculo\u201d, etc. Carrera manifiesta que subimos mucha cantidad de informaci\u00f3n, fotograf\u00edas, videos, datos, y esto es importante administrar adecuadamente desde el punto de vista inform\u00e1tico, ya que siempre queda alguna huella digital de lo que hacemos, y aunque una persona diga que tal o cual cosa ocurri\u00f3 hace a\u00f1os, eso indudablemente contin\u00faa en el ciber espacio.<\/p>\n\n\n\n<p>Este a\u00f1o comenz\u00f3 el ciclo de charlas preventivas en el Centro de Estudios Patagonia, su Directora Dianne Riquelme dijo al respecto: \u201cHa sido una experiencia s\u00faper positiva permitir que funcionarios de carabineros puedan compartir charlas como la hoy sobre ciberacoso, porque los estudiantes tienen la oportunidad de conocer algunos casos, y de igual forma pueden aprender c\u00f3mo actuar frente a una eventualidad en la que puedan verse involucrados, sus familias o su entorno.<\/p>\n\n\n\n<p>Romina Pinilla alumna del centro de estudios expresa que le parece muy bueno porque muchos j\u00f3venes ven mucho las redes sociales, y no saben lo que est\u00e1n haciendo. Aprend\u00ed muchas cosas como no subir tanta informaci\u00f3n personal a las redes, y no confiar tanto en los extra\u00f1os. Alejandra Brandan, tambi\u00e9n se refiri\u00f3 a esta experiencia: \u201cEs muy importante porque los j\u00f3venes est\u00e1n expuestos a la violencia, a las redes sociales, incluso uno mismo comparte cosas de manera inconsciente, sin tomar la importancia que deber\u00eda tener, como poner un comentario o broma jocosa, que finalmente resulta no serlo\u201d.<\/p>\n\n\n\n<p>Este trabajo preventivo abarca desde los niveles p\u00e1rvulo hasta medios y universitarios. Se espera poder compartir estos importantes temas preventivos durante todo el a\u00f1o, en el m\u00e1ximo de establecimientos que lo deseen.<\/p>\n","protected":false},"excerpt":{"rendered":"<p>El pasado a\u00f1o 2022 se llevaron a cabo en 14 establecimientos educacionales las denominadas charlas de \u201cprimeros auxilios psicol\u00f3gicos\u201d, las cuales tuvieron como finalidad desarrollar e impulsar la toma de&#8230; <a class=\"read-more\" href=\"https:\/\/www.radiopresidenteibanez.cl\/web\/carabineros-comparten-charlas-de-convivencia-saludable-ciberacoso-y-cuidado-de-redes-sociales-a-estudiantes-de-la-region\/\">Leer m\u00e1s<\/a><\/p>\n","protected":false},"author":2,"featured_media":38349,"comment_status":"closed","ping_status":"closed","sticky":false,"template":"","format":"standard","meta":{"footnotes":""},"categories":[1],"tags":[],"class_list":["post-38348","post","type-post","status-publish","format-standard","has-post-thumbnail","hentry","category-cronica"],"_links":{"self":[{"href":"https:\/\/www.radiopresidenteibanez.cl\/web\/wp-json\/wp\/v2\/posts\/38348","targetHints":{"allow":["GET"]}}],"collection":[{"href":"https:\/\/www.radiopresidenteibanez.cl\/web\/wp-json\/wp\/v2\/posts"}],"about":[{"href":"https:\/\/www.radiopresidenteibanez.cl\/web\/wp-json\/wp\/v2\/types\/post"}],"author":[{"embeddable":true,"href":"https:\/\/www.radiopresidenteibanez.cl\/web\/wp-json\/wp\/v2\/users\/2"}],"replies":[{"embeddable":true,"href":"https:\/\/www.radiopresidenteibanez.cl\/web\/wp-json\/wp\/v2\/comments?post=38348"}],"version-history":[{"count":0,"href":"https:\/\/www.radiopresidenteibanez.cl\/web\/wp-json\/wp\/v2\/posts\/38348\/revisions"}],"wp:featuredmedia":[{"embeddable":true,"href":"https:\/\/www.radiopresidenteibanez.cl\/web\/wp-json\/wp\/v2\/media\/38349"}],"wp:attachment":[{"href":"https:\/\/www.radiopresidenteibanez.cl\/web\/wp-json\/wp\/v2\/media?parent=38348"}],"wp:term":[{"taxonomy":"category","embeddable":true,"href":"https:\/\/www.radiopresidenteibanez.cl\/web\/wp-json\/wp\/v2\/categories?post=38348"},{"taxonomy":"post_tag","embeddable":true,"href":"https:\/\/www.radiopresidenteibanez.cl\/web\/wp-json\/wp\/v2\/tags?post=38348"}],"curies":[{"name":"wp","href":"https:\/\/api.w.org\/{rel}","templated":true}]}}