{"id":38311,"date":"2023-03-22T11:21:00","date_gmt":"2023-03-22T14:21:00","guid":{"rendered":"https:\/\/www.radiopresidenteibanez.cl\/web\/?p=38311"},"modified":"2023-03-22T09:38:35","modified_gmt":"2023-03-22T12:38:35","slug":"luz-verde-para-proyecto-de-ley-que-aumenta-las-penas-por-robo-de-cable-de-telecomunicaciones","status":"publish","type":"post","link":"https:\/\/www.radiopresidenteibanez.cl\/web\/luz-verde-para-proyecto-de-ley-que-aumenta-las-penas-por-robo-de-cable-de-telecomunicaciones\/","title":{"rendered":"Luz verde para proyecto de ley que aumenta las penas por robo de cable de telecomunicaciones"},"content":{"rendered":"\n<p>La iniciativa legal impulsada por varios parlamentarios, entre ellos, el senador Alejandro Kusanovic busca actualizar las actuales normas y adecuar los tipos penales a un lenguaje m\u00e1s moderno.<br>Listo para cumplir su segundo tr\u00e1mite legislativo en la C\u00e1mara de Diputados qued\u00f3 el proyecto de ley que aumenta las penas por los delitos de robo, hurto y receptaci\u00f3n de cables de telecomunicaciones.<br>El integrante de la comisi\u00f3n de Transportes y uno de los firmantes de esta iniciativa, senador Alejandro Kusanovic manifest\u00f3 que \u201ceste proyecto nace debido a que se ha convertido en una realidad habitual en Chile la comisi\u00f3n de delitos asociados al robo y receptaci\u00f3n de cables de cobre, transform\u00e1ndose a su juicio, en un lucrativo negocio\u201d.<br>En ese sentido, el parlamentario hizo hincapi\u00e9 en la gravedad del robo de cableado y el aumento exponencial en estos \u00faltimos a\u00f1os. Este delito no solo afecta el derecho de propiedad de los due\u00f1os de los cables, sino que, tambi\u00e9n interrumpe el normal suministro de los servicios de telecomunicaciones.<br>Seg\u00fan datos entregados por Enel Distribuci\u00f3n, durante los dos primeros meses del a\u00f1o se registraron 138 robos de cable, cuadriplic\u00e1ndose respecto al mismo per\u00edodo del a\u00f1o pasado. En tanto, la Asociaci\u00f3n Chilena de Telecomunicaciones (Chile Telcos) inform\u00f3 que la cantidad de hogares, empresas e instituciones que se vieron afectados por el robo de cables supera los dos millones de personas durante 2022.<\/p>\n","protected":false},"excerpt":{"rendered":"<p>La iniciativa legal impulsada por varios parlamentarios, entre ellos, el senador Alejandro Kusanovic busca actualizar las actuales normas y adecuar los tipos penales a un lenguaje m\u00e1s moderno.Listo para cumplir&#8230; <a class=\"read-more\" href=\"https:\/\/www.radiopresidenteibanez.cl\/web\/luz-verde-para-proyecto-de-ley-que-aumenta-las-penas-por-robo-de-cable-de-telecomunicaciones\/\">Leer m\u00e1s<\/a><\/p>\n","protected":false},"author":2,"featured_media":38312,"comment_status":"closed","ping_status":"closed","sticky":false,"template":"","format":"standard","meta":{"footnotes":""},"categories":[1],"tags":[],"class_list":["post-38311","post","type-post","status-publish","format-standard","has-post-thumbnail","hentry","category-cronica"],"_links":{"self":[{"href":"https:\/\/www.radiopresidenteibanez.cl\/web\/wp-json\/wp\/v2\/posts\/38311","targetHints":{"allow":["GET"]}}],"collection":[{"href":"https:\/\/www.radiopresidenteibanez.cl\/web\/wp-json\/wp\/v2\/posts"}],"about":[{"href":"https:\/\/www.radiopresidenteibanez.cl\/web\/wp-json\/wp\/v2\/types\/post"}],"author":[{"embeddable":true,"href":"https:\/\/www.radiopresidenteibanez.cl\/web\/wp-json\/wp\/v2\/users\/2"}],"replies":[{"embeddable":true,"href":"https:\/\/www.radiopresidenteibanez.cl\/web\/wp-json\/wp\/v2\/comments?post=38311"}],"version-history":[{"count":0,"href":"https:\/\/www.radiopresidenteibanez.cl\/web\/wp-json\/wp\/v2\/posts\/38311\/revisions"}],"wp:featuredmedia":[{"embeddable":true,"href":"https:\/\/www.radiopresidenteibanez.cl\/web\/wp-json\/wp\/v2\/media\/38312"}],"wp:attachment":[{"href":"https:\/\/www.radiopresidenteibanez.cl\/web\/wp-json\/wp\/v2\/media?parent=38311"}],"wp:term":[{"taxonomy":"category","embeddable":true,"href":"https:\/\/www.radiopresidenteibanez.cl\/web\/wp-json\/wp\/v2\/categories?post=38311"},{"taxonomy":"post_tag","embeddable":true,"href":"https:\/\/www.radiopresidenteibanez.cl\/web\/wp-json\/wp\/v2\/tags?post=38311"}],"curies":[{"name":"wp","href":"https:\/\/api.w.org\/{rel}","templated":true}]}}