{"id":3831,"date":"2019-05-01T21:12:01","date_gmt":"2019-05-01T21:12:01","guid":{"rendered":"http:\/\/www.radiopresidenteibanez.cl\/web\/?p=3831"},"modified":"2019-05-01T21:12:27","modified_gmt":"2019-05-01T21:12:27","slug":"con-vacunacion-de-trabajadores-y-realizacion-de-test-rapido-de-vih-seremi-de-salud-magallanes-y-sanchez-y-sanchez-conmemoraron-dia-internacional-del-trabajo","status":"publish","type":"post","link":"https:\/\/www.radiopresidenteibanez.cl\/web\/con-vacunacion-de-trabajadores-y-realizacion-de-test-rapido-de-vih-seremi-de-salud-magallanes-y-sanchez-y-sanchez-conmemoraron-dia-internacional-del-trabajo\/","title":{"rendered":"CON VACUNACI\u00d3N DE TRABAJADORES Y REALIZACI\u00d3N DE TEST R\u00c1PIDO DE VIH, SEREMI DE SALUD MAGALLANES Y S\u00c1NCHEZ Y S\u00c1NCHEZ CONMEMORARON D\u00cdA INTERNACIONAL DEL TRABAJO"},"content":{"rendered":"\n<p>En el marco de la conmemoraci\u00f3n del D\u00eda\nInternacional del Trabajo, la SEREMI de Salud de Magallanes, a trav\u00e9s de la\nEstrategia de Entornos Laborales Saludables (ELS) y en conjunto con la Empresa\nS\u00e1nchez y S\u00e1nchez, realizaron una actividad de promoci\u00f3n y prevenci\u00f3n en salud\nque consisti\u00f3 en un punto de vacunaci\u00f3n contra la Influenza y la toma de test\nr\u00e1pido para la detecci\u00f3n de VIH. <\/p>\n\n\n\n<p>Esta iniciativa tuvo como fin relevar la importancia\nde la participaci\u00f3n activa de trabajadores y trabajadoras en la construcci\u00f3n, ejecuci\u00f3n\ny mejoramiento en materia de salud integral y fomento de los beneficios del\nautocuidado.<\/p>\n\n\n\n<p>La empresa regional S\u00e1nchez y S\u00e1nchez fue una de las\nprimeras entidades que se certific\u00f3 como ELS el a\u00f1o 2012, manteniendo un\ntrabajo mancomunado con esta SEREMI y aquellas instituciones colaboradoras, en\nbeneficio de sus trabajadores y trabajadoras con el apoyo irrestricto de su\nPrevencionista de Riesgos Jasna Buljan Bahamonde, y representantes de los\ntrabajadores, a trav\u00e9s de los Comit\u00e9s Paritarios y Comit\u00e9s de Entornos\nLaborales Saludables. Sum\u00e1ndose a esta labor de difusi\u00f3n de temas de salud, a\nlas diversas jefaturas, que internamente velan porque gran parte de su equipo\npueda participar de las capacitaciones anuales, todo esto contando con la\nautorizaci\u00f3n de la Gerencia de la Empresa.<\/p>\n\n\n\n<p>La SEREMI de Salud de Magallanes, Mariela Rojas,\nmanifest\u00f3 que \u201cantes que todo quiero felicitar a la empresa S\u00e1nchez y S\u00e1nchez por\nacreditarse y reacreditarse, con la cantidad de funcionarios que tiene como Entorno\nLaboral Saludable y conmemorar con eso sus 86 a\u00f1os de vida\u201d. Agreg\u00f3 que \u201cda\ngusto ver a los trabajadores empoderados de lo que es desenvolverse en un Entorno\nLaboral Saludable, manejar lo que es la prevenci\u00f3n y el autocuidado. Esperamos que\notras empresas sigan con este ejemplo\u201d. <\/p>\n\n\n\n<p>En la\noportunidad y con la presencia de representantes de los diversos estamentos de\nla empresa, se realiz\u00f3 un reconocimiento a los trabajadores que se han\ndestacado por su apoyo y desempe\u00f1o en el \u00e1mbito de la promoci\u00f3n de los temas de\nsalud y de autocuidado. Fue as\u00ed como fueron distinguidos los siguientes\ntrabajadores: Sandra Trivi\u00f1o Guerrero, jefa de cajas, Janet Oyarzun Miranda, jefa\nde m\u00f3dulos, Allan Aguayo Torres, jefe de sala, Eugenia Lara Calisto,\nadministrativa bodega, Janet Quinchapani&nbsp; Vidal, administrativa sala de\nventas y Teresa S\u00e1nchez Rivera, asistente de gesti\u00f3n de personas.<\/p>\n\n\n\n<p>El Gerente General, <em>Ernesto Landolt<\/em>,\nagradeci\u00f3 la presencia la SEREMI de Salud, Mariela Rojas, y destac\u00f3 que \u201csiempre\ncomo empresa magall\u00e1nica estamos dispuestos a&nbsp;\napoyar las actividades que realice esta Serem\u00eda. Hace ya muchos a\u00f1os que\nestamos trabajando en conjunto, de forma colaborativa, lo que ha permitido\nalcanzar muy buenos resultados, que nuestra empresa se haya podido acreditar y\nreacreditar como Entorno Laboral Saludable. En esta oportunidad recibi\u00e9ndolos\npara poder llevar adelanta la Campa\u00f1a de Vacunaci\u00f3n contra la Influenza y los\ntest para detecci\u00f3n del SIDA y adem\u00e1s para conmemorar esta importante fecha que\nes el D\u00eda del Trabajador. Nosotros estamos celebrando nuestro aniversario, en\nel cual cumplimos 86 a\u00f1os de presencia de la empresa en Magallanes. Adem\u00e1s,\nreconociendo a nuestros trabajadores, preocupados de su salud, de su integridad\ny seguridad\u201d. <\/p>\n\n\n\n<p>Durante la jornada m\u00e1s de 100 personas fueron\nprotegidas contra la influenza y sus complicaciones en el punto de vacunaci\u00f3n\nque cont\u00f3 con el apoyo de profesionales del Area Salud de la Corporaci\u00f3n, el\nEj\u00e9rcito y de la Central de Vacunas de la SEREMI. En cuanto a los Test de\ndetecci\u00f3n de VIH, 50 funcionarios y funcionarias concurrieron a realiz\u00e1rselo,\noportunidad en que contaron con el trabajo y orientaci\u00f3n de las enfermeras\nConstanza Bravo y M\u00f3nica Rosas, y la T\u00e9cnico en Nivel Superior de Enfermer\u00eda,\nElizabeth Morales de la Unidad del Programa de &nbsp;Salud Sexual y del Epidemiolog\u00eda de la SEREMI.<\/p>\n\n\n\n<p>La encargada de la actividad y referente regional de la Estrategia de Entorno Laboral de la SEREMI de Salud, Susana Otey, destac\u00f3 el trabajo en conjunto entre ambas entidades, una privada y otra p\u00fablica, para llevar las ofertas de salud al trabajo. \u201dEn este caso el D\u00eda Internacional del Trabajo se est\u00e1 colaborando con ofertas de salud en el espacio laboral y con mucho apoyo de los trabajadores y trabajadoras con la vacunaci\u00f3n antiinfluenza y test r\u00e1pido de VIH, el cual ha concitado mucho inter\u00e9s y participaci\u00f3n\u201d, explic\u00f3. <\/p>\n\n\n\n<figure class=\"wp-block-image\"><img loading=\"lazy\" decoding=\"async\" width=\"900\" height=\"600\" src=\"https:\/\/www.radiopresidenteibanez.cl\/web\/wp-content\/uploads\/2019\/05\/ROD_5348-Copiar.jpg\" alt=\"\" class=\"wp-image-3832\" srcset=\"https:\/\/www.radiopresidenteibanez.cl\/web\/wp-content\/uploads\/2019\/05\/ROD_5348-Copiar.jpg 900w, https:\/\/www.radiopresidenteibanez.cl\/web\/wp-content\/uploads\/2019\/05\/ROD_5348-Copiar-300x200.jpg 300w, https:\/\/www.radiopresidenteibanez.cl\/web\/wp-content\/uploads\/2019\/05\/ROD_5348-Copiar-768x512.jpg 768w\" sizes=\"auto, (max-width: 900px) 100vw, 900px\" \/><\/figure>\n","protected":false},"excerpt":{"rendered":"<p>En el marco de la conmemoraci\u00f3n del D\u00eda Internacional del Trabajo, la SEREMI de Salud de Magallanes, a trav\u00e9s de la Estrategia de Entornos Laborales Saludables (ELS) y en conjunto&#8230; <a class=\"read-more\" href=\"https:\/\/www.radiopresidenteibanez.cl\/web\/con-vacunacion-de-trabajadores-y-realizacion-de-test-rapido-de-vih-seremi-de-salud-magallanes-y-sanchez-y-sanchez-conmemoraron-dia-internacional-del-trabajo\/\">Leer m\u00e1s<\/a><\/p>\n","protected":false},"author":2,"featured_media":3832,"comment_status":"closed","ping_status":"closed","sticky":false,"template":"","format":"standard","meta":{"footnotes":""},"categories":[1],"tags":[],"class_list":["post-3831","post","type-post","status-publish","format-standard","has-post-thumbnail","hentry","category-cronica"],"_links":{"self":[{"href":"https:\/\/www.radiopresidenteibanez.cl\/web\/wp-json\/wp\/v2\/posts\/3831","targetHints":{"allow":["GET"]}}],"collection":[{"href":"https:\/\/www.radiopresidenteibanez.cl\/web\/wp-json\/wp\/v2\/posts"}],"about":[{"href":"https:\/\/www.radiopresidenteibanez.cl\/web\/wp-json\/wp\/v2\/types\/post"}],"author":[{"embeddable":true,"href":"https:\/\/www.radiopresidenteibanez.cl\/web\/wp-json\/wp\/v2\/users\/2"}],"replies":[{"embeddable":true,"href":"https:\/\/www.radiopresidenteibanez.cl\/web\/wp-json\/wp\/v2\/comments?post=3831"}],"version-history":[{"count":0,"href":"https:\/\/www.radiopresidenteibanez.cl\/web\/wp-json\/wp\/v2\/posts\/3831\/revisions"}],"wp:featuredmedia":[{"embeddable":true,"href":"https:\/\/www.radiopresidenteibanez.cl\/web\/wp-json\/wp\/v2\/media\/3832"}],"wp:attachment":[{"href":"https:\/\/www.radiopresidenteibanez.cl\/web\/wp-json\/wp\/v2\/media?parent=3831"}],"wp:term":[{"taxonomy":"category","embeddable":true,"href":"https:\/\/www.radiopresidenteibanez.cl\/web\/wp-json\/wp\/v2\/categories?post=3831"},{"taxonomy":"post_tag","embeddable":true,"href":"https:\/\/www.radiopresidenteibanez.cl\/web\/wp-json\/wp\/v2\/tags?post=3831"}],"curies":[{"name":"wp","href":"https:\/\/api.w.org\/{rel}","templated":true}]}}