{"id":38252,"date":"2023-03-20T15:34:00","date_gmt":"2023-03-20T18:34:00","guid":{"rendered":"https:\/\/www.radiopresidenteibanez.cl\/web\/?p=38252"},"modified":"2023-03-20T10:52:46","modified_gmt":"2023-03-20T13:52:46","slug":"seremi-de-agricultura-y-asociaciones-de-ganaderos-realizan-acuerdo-en-el-marco-del-concurso-para-operacion-temprana-que-permita-mitigar-deficit-hidrico","status":"publish","type":"post","link":"https:\/\/www.radiopresidenteibanez.cl\/web\/seremi-de-agricultura-y-asociaciones-de-ganaderos-realizan-acuerdo-en-el-marco-del-concurso-para-operacion-temprana-que-permita-mitigar-deficit-hidrico\/","title":{"rendered":"Seremi de Agricultura y Asociaciones de Ganaderos realizan acuerdo en el marco del concurso para operaci\u00f3n temprana que permita mitigar d\u00e9ficit h\u00eddrico"},"content":{"rendered":"\n<p>El comit\u00e9 t\u00e9cnico regional de praderas en el marco del programa de recuperaci\u00f3n de suelos degradados, SIRSD-S que convoca la Secretaria Regional&nbsp; Ministerial de Agricultura, Irene Ram\u00edrez M\u00e9rida y que ejecutan el SAG&nbsp; e INDAP respectivamente.<\/p>\n\n\n\n<p>A este llamado asistieron las asociaciones de ganaderos de Tierra del Fuego, representada por Jorge Tafra y el Gerente de Asogama, Joaqu\u00edn Salas; junto al Vicepresidente de la asociaci\u00f3n de ganaderos, Iv\u00e1n Nicovic y el director Braian Corcoran, en tanto por los servicios del agro asistieron los directores de INIA Kampenaike, Erwin Dom\u00ednguez, Francisco \u00c1lvarez por el SAG y representante de la direcci\u00f3n de Conaf, Andr\u00e9s Espinoza; junto a las encargadas del programa SIRSD-S Pamela Gross del SAG y Mirian Barria por INDAP.<\/p>\n\n\n\n<p>La Seremi de Agricultura manifest\u00f3 que \u201cEl SAG tiene abierto un concurso&nbsp; para iniciar obras&nbsp; de operaci\u00f3n temprana dirigido al sector ganadero en el marco del SIRSD-S , para construcci\u00f3n de pozos, sistemas de distribuci\u00f3n y bebederos. La idea de focalizar este concurso corresponde a dar una respuesta frente a la emergencia agr\u00edcola por d\u00e9ficit h\u00eddrico que vive la regi\u00f3n, siendo este unos de los instrumentos que se ha dispuesto para abordar acciones y adaptaciones de los sistemas pecuarios frente al cambio clim\u00e1tico.&nbsp; Se acordaron fechas con las asociaciones de cierre y anuncios de seleccionados a finales de este primer semestre\u201d, dijo la Seremi de Agricultura, Irene Ram\u00edrez al t\u00e9rmino de la reuni\u00f3n que se realiz\u00f3 en dependencias de la misma secretaria ministerial.<\/p>\n\n\n\n<p>Entre los acuerdos de la reuni\u00f3n se indico que el cierre del concurso SAG ser\u00e1 el jueves 13 de abril para dar inicio a la revisi\u00f3n de los planes de manejo prediales por parte del SAG, para lograr una lista de seleccionados en el mes de Junio; en tanto INDAP inform\u00f3 que ya hab\u00edan finalizado sus procesos el 1 de marzo, ocasi\u00f3n donde se presentaron 45 planes de manejo y en el mes de abril INDAP contar\u00e1 con su lista de seleccionados. &nbsp;<\/p>\n\n\n\n<p>Por su parte, Jorge Tafra presidente de la Asociaci\u00f3n Gremial de Tierra del Fuego, dijo estar conforme con los acuerdos tomados adem\u00e1s dijo que \u201cTodas las instancias que se generen donde participen todos los actores se agradecen. La&nbsp; impresi\u00f3n respecto de la mesa de reuni\u00f3n de trabajo de hoy d\u00eda es muy positiva, es una m\u00e1s de la que se ha sostenido hasta el momento y todas buscan&nbsp; un prop\u00f3sito com\u00fan que es ir a palear la situaci\u00f3n m\u00e1s contingente de la ganader\u00eda que es&nbsp; crisis h\u00eddrica y las&nbsp; soluciones que ya no pueden ir esperando\u201d agreg\u00f3 que, \u201clas soluciones est\u00e1n definidas y hay que activarlas en forma r\u00e1pida, hoy&nbsp; son extracci\u00f3n, acumulaci\u00f3n y distribuci\u00f3n de aguas, creo que riego en este momento est\u00e1 fuera de plazo con respecto al avance de la temporada, pero si la acumulaci\u00f3n de aguas es importante y creo que est\u00e1n todos los recursos en este momento y los esfuerzos orientados y destinados para satisfacer este aspecto\u201d.<\/p>\n\n\n\n<p>Hay un presupuesto de aproximadamente $170 millones de pesos para el presente concurso del SAG y se est\u00e1 trabajando paralelamente con a las asociaciones de ganaderos en una propuesta que ser\u00e1 presentada al Gobierno regional a fin de ir adaptando los sistemas productivos. Para finalizar manifest\u00f3 la m\u00e1xima autoridad del Agro \u201cNuestro gobierno est\u00e1 trabajando por una agricultura verde y con el uso eficiente del recurso h\u00eddrico, lo ha dicho nuestro ministro Esteban Valenzuela y a mi me corresponde hacer de esto una realidad en nuestro territorio, para eso estamos trabajando sector p\u00fablico y privado a fin de ser resiliente frente al cambio clim\u00e1tico\u201d.<\/p>\n","protected":false},"excerpt":{"rendered":"<p>El comit\u00e9 t\u00e9cnico regional de praderas en el marco del programa de recuperaci\u00f3n de suelos degradados, SIRSD-S que convoca la Secretaria Regional&nbsp; Ministerial de Agricultura, Irene Ram\u00edrez M\u00e9rida y que&#8230; <a class=\"read-more\" href=\"https:\/\/www.radiopresidenteibanez.cl\/web\/seremi-de-agricultura-y-asociaciones-de-ganaderos-realizan-acuerdo-en-el-marco-del-concurso-para-operacion-temprana-que-permita-mitigar-deficit-hidrico\/\">Leer m\u00e1s<\/a><\/p>\n","protected":false},"author":2,"featured_media":38253,"comment_status":"closed","ping_status":"closed","sticky":false,"template":"","format":"standard","meta":{"footnotes":""},"categories":[1],"tags":[],"class_list":["post-38252","post","type-post","status-publish","format-standard","has-post-thumbnail","hentry","category-cronica"],"_links":{"self":[{"href":"https:\/\/www.radiopresidenteibanez.cl\/web\/wp-json\/wp\/v2\/posts\/38252","targetHints":{"allow":["GET"]}}],"collection":[{"href":"https:\/\/www.radiopresidenteibanez.cl\/web\/wp-json\/wp\/v2\/posts"}],"about":[{"href":"https:\/\/www.radiopresidenteibanez.cl\/web\/wp-json\/wp\/v2\/types\/post"}],"author":[{"embeddable":true,"href":"https:\/\/www.radiopresidenteibanez.cl\/web\/wp-json\/wp\/v2\/users\/2"}],"replies":[{"embeddable":true,"href":"https:\/\/www.radiopresidenteibanez.cl\/web\/wp-json\/wp\/v2\/comments?post=38252"}],"version-history":[{"count":0,"href":"https:\/\/www.radiopresidenteibanez.cl\/web\/wp-json\/wp\/v2\/posts\/38252\/revisions"}],"wp:featuredmedia":[{"embeddable":true,"href":"https:\/\/www.radiopresidenteibanez.cl\/web\/wp-json\/wp\/v2\/media\/38253"}],"wp:attachment":[{"href":"https:\/\/www.radiopresidenteibanez.cl\/web\/wp-json\/wp\/v2\/media?parent=38252"}],"wp:term":[{"taxonomy":"category","embeddable":true,"href":"https:\/\/www.radiopresidenteibanez.cl\/web\/wp-json\/wp\/v2\/categories?post=38252"},{"taxonomy":"post_tag","embeddable":true,"href":"https:\/\/www.radiopresidenteibanez.cl\/web\/wp-json\/wp\/v2\/tags?post=38252"}],"curies":[{"name":"wp","href":"https:\/\/api.w.org\/{rel}","templated":true}]}}