{"id":3824,"date":"2019-05-01T21:04:02","date_gmt":"2019-05-01T21:04:02","guid":{"rendered":"http:\/\/www.radiopresidenteibanez.cl\/web\/?p=3824"},"modified":"2019-05-01T21:04:22","modified_gmt":"2019-05-01T21:04:22","slug":"director-servicio-de-salud-rindio-cuenta-publica-de-gestion-2018","status":"publish","type":"post","link":"https:\/\/www.radiopresidenteibanez.cl\/web\/director-servicio-de-salud-rindio-cuenta-publica-de-gestion-2018\/","title":{"rendered":"DIRECTOR SERVICIO DE SALUD RINDI\u00d3 CUENTA P\u00daBLICA DE GESTI\u00d3N 2018"},"content":{"rendered":"\n<p>Destacando el avance\nlogrado durante el a\u00f1o 2018 por la Red Asistencial del Servicio de Salud\nMagallanes, en cuanto coberturas de atenci\u00f3n e indicadores de gesti\u00f3n, a la vez\nde enfatizar sobre los grandes hitos y desaf\u00edos del Servicio, Nelson Reyes\nSilva, director del organismo sanitario, rindi\u00f3 Cuenta P\u00fablica ante un\nimportante n\u00famero de asistentes.<\/p>\n\n\n\n<p>La ceremonia,\nrealizada en el audit\u00f3rium de Contralor\u00eda de Magallanes, cont\u00f3 con la\nparticipaci\u00f3n del Intendente Regional, Jos\u00e9 Fern\u00e1ndez; de SEREMIS de diversas\ncarteras, Consejeros Regionales y de representantes de organizaciones sociales,\ncomunitarias y gremiales.&nbsp; Adem\u00e1s de\ndirectivos y funcionarios del sector salud.<\/p>\n\n\n\n<p>La autoridad de\nsalud mencion\u00f3 que, para brindar atenciones dignas, oportunas y de calidad a los\nusuarios en Magallanes, se cuenta con un total de 2.051 funcionarios,\nconsiderando 322 m\u00e9dicos, 618 profesionales no m\u00e9dicos, 708 t\u00e9cnicos, 145\nadministrativos y 258 auxiliares, quienes se desempe\u00f1an en los 4\nestablecimientos hospitalarios de la regi\u00f3n, m\u00e1s Direcci\u00f3n de Servicio.<\/p>\n\n\n\n<p>Respecto de la\ngesti\u00f3n asistencial, Nelson Reyes destac\u00f3 los aumentos registrados en las\nconsultas m\u00e9dicas de especialidad, atenciones de morbilidad en atenci\u00f3n\nprimaria y controles de salud; lo mismo respecto de las atenciones de urgencia\n\u2013 tanto en hospitales como SAPU \u2013 las que en conjunto aumentaron un 20,34%.<\/p>\n\n\n\n<p>De igual forma, la\nautoridad reforz\u00f3 el llamado a la responsabilidad individual de las personas\ncon su salud, y concurrir a su hora m\u00e9dica, considerando que en la red se\npierde un 15,5% de horas de especialista y morbilidad.<\/p>\n\n\n\n<p>Otro de los puntos\nse\u00f1alados en gesti\u00f3n asistencial fue la implementaci\u00f3n de la Ley Ricarte Soto,\nla que aument\u00f3 tanto en beneficiarios como patolog\u00edas cubiertas durante el a\u00f1o\n2018, al aumentar de 42 a 143 beneficiarios y de 5 a 9 patolog\u00edas. <\/p>\n\n\n\n<p>De igual forma, la\nautoridad destac\u00f3 el plan de formaci\u00f3n de especialistas llevado adelante por el\nServicio, que permiti\u00f3 durante el a\u00f1o 2018 integrar a 25 de estos profesionales\na la Red Asistencial.<\/p>\n\n\n\n<p>En cuanto hitos del\nperiodo, a trav\u00e9s del compromiso presidencial disminuci\u00f3n Lista Espera\nQuir\u00fargica NO GES, se dio respuesta a 1.515 personas que esperaron en promedio\ndurante 6 a\u00f1os por una intervenci\u00f3n quir\u00fargica; la implementaci\u00f3n del C\u00f3digo\nACV Puerto Natales \u2013 Punta Arenas, las 1.468 atenciones registradas por el\nprograma de reforzamiento de especialistas a hospitales provinciales y los m\u00e1s\nde mil 700 millones destinados al programa Pabell\u00f3n se pone a punto ejecutado\nen los Hospitales de Punta Arenas y Puerto Natales.<\/p>\n\n\n\n<p>Adem\u00e1s, el director\ndel Servicio de Salud destaco que durante el a\u00f1o 2018,154 personas fueron\na\u00e9reovacuadas por medio de SAMU desde diferentes puntos de la regi\u00f3n e incluso\ndesde la Patagonia Argentina con destino al Hospital Cl\u00ednico Magallanes y que,\n16 mujeres accedieron a las prestaciones otorgadas por la Ley de Interrupci\u00f3n\nVoluntaria del Embarazo (IVE), en atenci\u00f3n a causal de riesgo vital materno (10),\ninviabilidad fetal (3) y violaci\u00f3n (3).<\/p>\n\n\n\n<p>Finalizando su exposici\u00f3n, Nelson Reyes, dio a conocer los grandes desaf\u00edos del organismo para el periodo 2019, en atenci\u00f3n a avanzar y mejorar la calidad de vida de funcionarios, la realizaci\u00f3n de una planificaci\u00f3n estrat\u00e9gica para el Servicio, el fortalecer y otorgar mayor resolutividad a la Atenci\u00f3n Primaria de Salud APS, avanzar en infraestructura hospitalaria, fortalecer la gesti\u00f3n asistencial y promover el trabajo en terreno, mediante la educaci\u00f3n de factores protectores y prevenci\u00f3n de factores de riesgo.<\/p>\n\n\n\n<figure class=\"wp-block-image\"><img loading=\"lazy\" decoding=\"async\" width=\"900\" height=\"582\" src=\"https:\/\/www.radiopresidenteibanez.cl\/web\/wp-content\/uploads\/2019\/05\/IMG_4428.jpg\" alt=\"\" class=\"wp-image-3825\" srcset=\"https:\/\/www.radiopresidenteibanez.cl\/web\/wp-content\/uploads\/2019\/05\/IMG_4428.jpg 900w, https:\/\/www.radiopresidenteibanez.cl\/web\/wp-content\/uploads\/2019\/05\/IMG_4428-300x194.jpg 300w, https:\/\/www.radiopresidenteibanez.cl\/web\/wp-content\/uploads\/2019\/05\/IMG_4428-768x497.jpg 768w\" sizes=\"auto, (max-width: 900px) 100vw, 900px\" \/><\/figure>\n","protected":false},"excerpt":{"rendered":"<p>Destacando el avance logrado durante el a\u00f1o 2018 por la Red Asistencial del Servicio de Salud Magallanes, en cuanto coberturas de atenci\u00f3n e indicadores de gesti\u00f3n, a la vez de&#8230; <a class=\"read-more\" href=\"https:\/\/www.radiopresidenteibanez.cl\/web\/director-servicio-de-salud-rindio-cuenta-publica-de-gestion-2018\/\">Leer m\u00e1s<\/a><\/p>\n","protected":false},"author":2,"featured_media":3825,"comment_status":"closed","ping_status":"closed","sticky":false,"template":"","format":"standard","meta":{"footnotes":""},"categories":[1],"tags":[],"class_list":["post-3824","post","type-post","status-publish","format-standard","has-post-thumbnail","hentry","category-cronica"],"_links":{"self":[{"href":"https:\/\/www.radiopresidenteibanez.cl\/web\/wp-json\/wp\/v2\/posts\/3824","targetHints":{"allow":["GET"]}}],"collection":[{"href":"https:\/\/www.radiopresidenteibanez.cl\/web\/wp-json\/wp\/v2\/posts"}],"about":[{"href":"https:\/\/www.radiopresidenteibanez.cl\/web\/wp-json\/wp\/v2\/types\/post"}],"author":[{"embeddable":true,"href":"https:\/\/www.radiopresidenteibanez.cl\/web\/wp-json\/wp\/v2\/users\/2"}],"replies":[{"embeddable":true,"href":"https:\/\/www.radiopresidenteibanez.cl\/web\/wp-json\/wp\/v2\/comments?post=3824"}],"version-history":[{"count":0,"href":"https:\/\/www.radiopresidenteibanez.cl\/web\/wp-json\/wp\/v2\/posts\/3824\/revisions"}],"wp:featuredmedia":[{"embeddable":true,"href":"https:\/\/www.radiopresidenteibanez.cl\/web\/wp-json\/wp\/v2\/media\/3825"}],"wp:attachment":[{"href":"https:\/\/www.radiopresidenteibanez.cl\/web\/wp-json\/wp\/v2\/media?parent=3824"}],"wp:term":[{"taxonomy":"category","embeddable":true,"href":"https:\/\/www.radiopresidenteibanez.cl\/web\/wp-json\/wp\/v2\/categories?post=3824"},{"taxonomy":"post_tag","embeddable":true,"href":"https:\/\/www.radiopresidenteibanez.cl\/web\/wp-json\/wp\/v2\/tags?post=3824"}],"curies":[{"name":"wp","href":"https:\/\/api.w.org\/{rel}","templated":true}]}}