{"id":38224,"date":"2023-03-18T16:39:00","date_gmt":"2023-03-18T19:39:00","guid":{"rendered":"https:\/\/www.radiopresidenteibanez.cl\/web\/?p=38224"},"modified":"2023-03-17T23:08:56","modified_gmt":"2023-03-18T02:08:56","slug":"resultados-dialogos-pais-13-talleres-y-mas-de-200-actores-de-la-sociedad-civil-y-sector-publico-identificaron-oportunidades-y-desafios-del-hidrogeno-verde","status":"publish","type":"post","link":"https:\/\/www.radiopresidenteibanez.cl\/web\/resultados-dialogos-pais-13-talleres-y-mas-de-200-actores-de-la-sociedad-civil-y-sector-publico-identificaron-oportunidades-y-desafios-del-hidrogeno-verde\/","title":{"rendered":"<strong>Resultados Di\u00e1logos Pa\u00eds: 13 talleres y m\u00e1s de 200 actores de la sociedad civil y sector p\u00fablico identificaron oportunidades y desaf\u00edos del hidr\u00f3geno verde<\/strong>"},"content":{"rendered":"\n<p>Luego de una serie de encuentros realizados en las regiones de Antofagasta y de Magallanes, la consultora&nbsp;Centro de An\u00e1lisis Socio Ambiental (CASA), en&nbsp;el marco de la&nbsp;<strong>Acci\u00f3n 2 del Plan de Acci\u00f3n Regional de Cambio Clim\u00e1tico (PARCC),<\/strong>&nbsp;present\u00f3 esta semana a representantes de la sociedad civil, del sector p\u00fablico y privado, los principales resultados obtenidos a partir de los \u201cDi\u00e1logos pa\u00eds para la reducci\u00f3n de asimetr\u00edas de conocimiento sobre el hidr\u00f3geno verde y sus derivados\u201d.<\/p>\n\n\n\n<p>\u201cLos hallazgos fueron identificados gracias a la activa participaci\u00f3n de la sociedad civil y servicios p\u00fablicos vinculados a la incipiente industria del hidr\u00f3geno verde y sus derivados\u201d, destac\u00f3 la Seremi de Energ\u00eda de Magallanes, Mar\u00eda Luisa Ojeda.<\/p>\n\n\n\n<p>La titular regional del ramo resalt\u00f3 \u201cque respecto al alto inter\u00e9s que el tema concita en la regi\u00f3n, estamos dando una oportuna respuesta que busca integrar las diversas miradas sobre el tema, a fin de recibir adecuadamente la llegada del hidr\u00f3geno verde, lo que implica resguardar los necesarios equilibrios entre el respeto por los territorios y sus comunidades y el desarrollo energ\u00e9tico sostenible; lo que en definitiva es el objetivo central del nuevo modelo econ\u00f3mico productivo del Gobierno del Presidente Gabriel Boric\u201d.&nbsp;&nbsp;<\/p>\n\n\n\n<p>Seg\u00fan la consultora, los resultados sobre las expectativas que genera el arribo del hidr\u00f3geno verde a Magallanes se obtuvieron tras la realizaci\u00f3n de 13 talleres (entre presenciales y virtuales) y la participaci\u00f3n de m\u00e1s de 200 actores del mundo p\u00fablico y de la sociedad civil. Dichos resultados estuvieron principalmente asociados a las oportunidades, amenazas y desaf\u00edos que el hidr\u00f3geno verde podr\u00eda representar para la regi\u00f3n.<\/p>\n\n\n\n<p>Los hallazgos fueron discutidos con un panel de expertos encabezados por la Seremi de Energ\u00eda, Mar\u00eda Luisa Ojeda; directora regional de Corfo, Mar\u00eda Jos\u00e9 Navajas; \u00c1ngela \u00c1lvarez de IDOM y Cristian Parker, del Instituto de Estudio Avanzados de la USACH.<\/p>\n\n\n\n<p><strong>VALORARON RESULTADOS<\/strong><\/p>\n\n\n\n<p>Tras comentar los resultados presentados, tanto servicios p\u00fablicos como empresas asociadas a la incipiente industria del hidr\u00f3geno verde y sus derivados valoraron los hallazgos recogidos en los di\u00e1logos y agradecieron la difusi\u00f3n de \u00e9stos.<\/p>\n\n\n\n<p>\u201cMe parece super interesante que se realicen estas iniciativas, esta vinculaci\u00f3n p\u00fablico-privada para tener acceso a la percepci\u00f3n de la comunidad en torno a lo que va a ser el futuro desarrollo de esta industria. Y es super importante mencionar eso, el futuro. Estamos en una etapa inicial de la mayor\u00eda de los proyectos (&#8230;), sostuvo M\u00f3nica Buvinic, Gerenta de Relaciones P\u00fablicas del Proyecto H2 Magallanes de Total Eren.<\/p>\n\n\n\n<p>En esta misma l\u00ednea, Buvinic agreg\u00f3 que en esta fase temprana de los proyectos es donde se est\u00e1 evaluando, \u201cy tener ese input, esa opini\u00f3n de la comunidad, claro que es relevante, pues este tipo de proyectos que vienen a impactar tan fuertemente a una sociedad como la magall\u00e1nica, obviamente que necesitan tener el respaldo de la comunidad. Y ese respaldo s\u00f3lo se da si existe conocimiento en torno a los proyectos; esto en realidad tiene que ser algo mancomunado; la idea es que estemos todos de acuerdo en desarrollar nuevas industrias y proyectos de este tipo, que como bien se dec\u00eda, son sociot\u00e9cnicos, o sea, hay un desarrollo de la industria, hay tecnolog\u00eda, hay innovaci\u00f3n y por cierto, hay un impacto social, y por supuesto, todos debemos participar y opinar en torno a eso\u201d, puntualiz\u00f3. &nbsp;&nbsp;&nbsp;&nbsp;&nbsp;<\/p>\n\n\n\n<p>Los \u201cDi\u00e1logos Pa\u00eds\u201d, forman parte de un proceso apoyado por la Uni\u00f3n Europea en el marco de su Programa EUROCLIMA y&nbsp;apoyado por&nbsp;<strong>Agencia Espa\u00f1ola de Cooperaci\u00f3n Internacional para el Desarrollo<\/strong>(AECID).<\/p>\n","protected":false},"excerpt":{"rendered":"<p>Luego de una serie de encuentros realizados en las regiones de Antofagasta y de Magallanes, la consultora&nbsp;Centro de An\u00e1lisis Socio Ambiental (CASA), en&nbsp;el marco de la&nbsp;Acci\u00f3n 2 del Plan de&#8230; <a class=\"read-more\" href=\"https:\/\/www.radiopresidenteibanez.cl\/web\/resultados-dialogos-pais-13-talleres-y-mas-de-200-actores-de-la-sociedad-civil-y-sector-publico-identificaron-oportunidades-y-desafios-del-hidrogeno-verde\/\">Leer m\u00e1s<\/a><\/p>\n","protected":false},"author":2,"featured_media":38225,"comment_status":"closed","ping_status":"closed","sticky":false,"template":"","format":"standard","meta":{"footnotes":""},"categories":[1],"tags":[],"class_list":["post-38224","post","type-post","status-publish","format-standard","has-post-thumbnail","hentry","category-cronica"],"_links":{"self":[{"href":"https:\/\/www.radiopresidenteibanez.cl\/web\/wp-json\/wp\/v2\/posts\/38224","targetHints":{"allow":["GET"]}}],"collection":[{"href":"https:\/\/www.radiopresidenteibanez.cl\/web\/wp-json\/wp\/v2\/posts"}],"about":[{"href":"https:\/\/www.radiopresidenteibanez.cl\/web\/wp-json\/wp\/v2\/types\/post"}],"author":[{"embeddable":true,"href":"https:\/\/www.radiopresidenteibanez.cl\/web\/wp-json\/wp\/v2\/users\/2"}],"replies":[{"embeddable":true,"href":"https:\/\/www.radiopresidenteibanez.cl\/web\/wp-json\/wp\/v2\/comments?post=38224"}],"version-history":[{"count":0,"href":"https:\/\/www.radiopresidenteibanez.cl\/web\/wp-json\/wp\/v2\/posts\/38224\/revisions"}],"wp:featuredmedia":[{"embeddable":true,"href":"https:\/\/www.radiopresidenteibanez.cl\/web\/wp-json\/wp\/v2\/media\/38225"}],"wp:attachment":[{"href":"https:\/\/www.radiopresidenteibanez.cl\/web\/wp-json\/wp\/v2\/media?parent=38224"}],"wp:term":[{"taxonomy":"category","embeddable":true,"href":"https:\/\/www.radiopresidenteibanez.cl\/web\/wp-json\/wp\/v2\/categories?post=38224"},{"taxonomy":"post_tag","embeddable":true,"href":"https:\/\/www.radiopresidenteibanez.cl\/web\/wp-json\/wp\/v2\/tags?post=38224"}],"curies":[{"name":"wp","href":"https:\/\/api.w.org\/{rel}","templated":true}]}}