{"id":38221,"date":"2023-03-18T15:04:00","date_gmt":"2023-03-18T18:04:00","guid":{"rendered":"https:\/\/www.radiopresidenteibanez.cl\/web\/?p=38221"},"modified":"2023-03-17T23:06:39","modified_gmt":"2023-03-18T02:06:39","slug":"mas-de-80-funcionarios-publicos-son-capacitadosen-proceso-propir-2023-ari-2024","status":"publish","type":"post","link":"https:\/\/www.radiopresidenteibanez.cl\/web\/mas-de-80-funcionarios-publicos-son-capacitadosen-proceso-propir-2023-ari-2024\/","title":{"rendered":"M\u00e1s de 80 funcionarios p\u00fablicos son capacitados<br>en proceso PROPIR 2023-ARI 2024"},"content":{"rendered":"\n<p>Con la finalidad de apoyar a los funcionarios y funcionarias p\u00fablicas de<br>Magallanes en mejorar la calidad de la informaci\u00f3n que se carga en el portal web<br>\u201cChile Indica\u201d y tomar mejores decisiones respecto a la inversi\u00f3n regional como<br>parte del Proceso del Gasto P\u00fablico Regional es que se realiz\u00f3 una capacitaci\u00f3n<br>en el marco del proceso PROPIR 2023-ARI 2024.<br>La iniciativa fue desarrollada por por personal de SUBDERE Santiago y la Divisi\u00f3n<br>de Planificaci\u00f3n y Desarrollo Regional (DIPLADER) del Gobierno Regional de<br>Magallanes y de la Ant\u00e1rtica Chilena, a la cual asistieron profesionales de cada<br>Servicio P\u00fablico que fueron designados como Encargados del Seguimiento del<br>Gasto de su respectiva instituci\u00f3n.<br>\u201cEl foco est\u00e1 puesto en que nosotros le pedimos a cada uno de los servicios que<br>cumplen los plazos y presenten sus iniciativas para que se cuente con el tiempo<br>suficiente para entreg\u00e1rselas a los municipios para que ellos las revisen y analicen<br>para que vean que est\u00e1n incorporado os proyectos que requieren para ir<br>superando brechas y problemas existentes en los territorios\u201d coment\u00f3 Hina<br>Carabantes, jefa de la Divisi\u00f3n de Planificaci\u00f3n y Desarrollo Regional.<br>Por su parte, Jos\u00e9 Luis Guill\u00e9n, de la unidad de Gasto Publico de la SUBDERE,<br>declar\u00f3 que \u201cel objetivo es armonizar la inversi\u00f3n en la regi\u00f3n bajo los criterios de<br>las estrategias regionales de desarrollo y el Gobierno Regional. En esta etapa de<br>descentralizaci\u00f3n tratamos de reforzar las secretarias ejecutivas y sobre todo<br>mantener la informaci\u00f3n actualizada a los funcionarios de todas las novedades<br>presupuestarias\u201d.<br>El contenido del evento abarc\u00f3 los siguientes t\u00f3picos:<\/p>\n\n\n\n<ul class=\"wp-block-list\">\n<li>Seguimiento del Programa P\u00fablico de Inversi\u00f3n Regional, PROPIR 2023 y<br>Levantamiento del Anteproyecto Regional de Inversiones, ARI 2024<\/li>\n\n\n\n<li>Presentaci\u00f3n de los principales Lineamientos Regionales en el<br>levantamiento de ambos procesos<\/li>\n\n\n\n<li>Nuevas disposiciones y trabajo en la plataforma web Chile Indica.<br>La actividad tuvo una duraci\u00f3n de casi dos horas y cont\u00f3 con la participaci\u00f3n de<br>m\u00e1s de cien funcionarios p\u00fablicos de distintas entidades.<\/li>\n<\/ul>\n","protected":false},"excerpt":{"rendered":"<p>Con la finalidad de apoyar a los funcionarios y funcionarias p\u00fablicas deMagallanes en mejorar la calidad de la informaci\u00f3n que se carga en el portal web\u201cChile Indica\u201d y tomar mejores&#8230; <a class=\"read-more\" href=\"https:\/\/www.radiopresidenteibanez.cl\/web\/mas-de-80-funcionarios-publicos-son-capacitadosen-proceso-propir-2023-ari-2024\/\">Leer m\u00e1s<\/a><\/p>\n","protected":false},"author":2,"featured_media":38222,"comment_status":"closed","ping_status":"closed","sticky":false,"template":"","format":"standard","meta":{"footnotes":""},"categories":[1],"tags":[],"class_list":["post-38221","post","type-post","status-publish","format-standard","has-post-thumbnail","hentry","category-cronica"],"_links":{"self":[{"href":"https:\/\/www.radiopresidenteibanez.cl\/web\/wp-json\/wp\/v2\/posts\/38221","targetHints":{"allow":["GET"]}}],"collection":[{"href":"https:\/\/www.radiopresidenteibanez.cl\/web\/wp-json\/wp\/v2\/posts"}],"about":[{"href":"https:\/\/www.radiopresidenteibanez.cl\/web\/wp-json\/wp\/v2\/types\/post"}],"author":[{"embeddable":true,"href":"https:\/\/www.radiopresidenteibanez.cl\/web\/wp-json\/wp\/v2\/users\/2"}],"replies":[{"embeddable":true,"href":"https:\/\/www.radiopresidenteibanez.cl\/web\/wp-json\/wp\/v2\/comments?post=38221"}],"version-history":[{"count":0,"href":"https:\/\/www.radiopresidenteibanez.cl\/web\/wp-json\/wp\/v2\/posts\/38221\/revisions"}],"wp:featuredmedia":[{"embeddable":true,"href":"https:\/\/www.radiopresidenteibanez.cl\/web\/wp-json\/wp\/v2\/media\/38222"}],"wp:attachment":[{"href":"https:\/\/www.radiopresidenteibanez.cl\/web\/wp-json\/wp\/v2\/media?parent=38221"}],"wp:term":[{"taxonomy":"category","embeddable":true,"href":"https:\/\/www.radiopresidenteibanez.cl\/web\/wp-json\/wp\/v2\/categories?post=38221"},{"taxonomy":"post_tag","embeddable":true,"href":"https:\/\/www.radiopresidenteibanez.cl\/web\/wp-json\/wp\/v2\/tags?post=38221"}],"curies":[{"name":"wp","href":"https:\/\/api.w.org\/{rel}","templated":true}]}}