{"id":3821,"date":"2019-05-01T21:00:11","date_gmt":"2019-05-01T21:00:11","guid":{"rendered":"http:\/\/www.radiopresidenteibanez.cl\/web\/?p=3821"},"modified":"2019-05-01T21:00:42","modified_gmt":"2019-05-01T21:00:42","slug":"todo-en-marcha-para-la-expo-fosis-natales-este-fin-de-semana","status":"publish","type":"post","link":"https:\/\/www.radiopresidenteibanez.cl\/web\/todo-en-marcha-para-la-expo-fosis-natales-este-fin-de-semana\/","title":{"rendered":"TODO EN MARCHA PARA LA EXPO FOSIS NATALES ESTE FIN DE SEMANA"},"content":{"rendered":"\n<p>Este s\u00e1bado 4 y domingo 5 de mayo, en la Sala de\nUsos M\u00faltiples de la comuna de Natales, ubicada en calle Miraflores, se\ndesarrollar\u00e1 una nueva versi\u00f3n de la EXPO FOSIS, que reunir\u00e1 a 35 destacados\nemprendedores natalinos, quienes ofrecer\u00e1n lo mejor de sus productos y\nservicios.<\/p>\n\n\n\n<p>Manualidades en diversos estilos, productos frescos\ndel huerto, artesan\u00eda, accesorios para mascotas, reposter\u00eda, servicios de\nest\u00e9tica corporal, entre otros, ser\u00e1n parte de esta fiesta del emprendimiento.<\/p>\n\n\n\n<p>Este evento naci\u00f3 en el a\u00f1o 2011\npara ofrecer una ventana de comercializaci\u00f3n y promoci\u00f3n de emprendedores que\nhayan participado en los programas que impulsa el Ministerio de Desarrollo\nSocial y Familia, por intermedio del Fondo de Solidaridad e Inversi\u00f3n Social,\nFOSIS.<\/p>\n\n\n\n<p>\u201cEsperamos que puedan visitar\nesta feria, que se ha organizado con tanto cari\u00f1o y dedicaci\u00f3n para que puedan\nadquirir los productos y servicios que ofrecen los emprendedores natalinos\u2026\ncomo artesan\u00eda, alimentaci\u00f3n, centros de masajes, ropa para mascotas. Esta es\nla segunda versi\u00f3n de la EXPO FOSIS que se realiza en Natales, la primera fue\nel 2013, estamos muy contentos de poder llevarla nuevamente a la comuna\u201d,\nse\u00f1al\u00f3 la Seremi de Desarrollo Social y Familia, Liz Casanueva.<\/p>\n\n\n\n<p>El director regional del FOSIS,\nHern\u00e1n Soto, explic\u00f3 que \u201cla selecci\u00f3n de usuarios y usuarias se realiz\u00f3 a\ntrav\u00e9s de una mesa de trabajo, compuesta por profesionales del servicio junto\nal ejecutor FIDE XII, en un universo de m\u00e1s de 150 emprendedores que han\nparticipado activamente en diversos programas del servicio, en sus versiones\nSemilla, B\u00e1sico y Avanzado. Los criterios de selecci\u00f3n principalmente fueron la\npertinencia del emprendimiento, la vigencia y calidad de \u00e9ste y el compromiso\nde los usuarios por participar\u201d.<\/p>\n\n\n\n<p>Las autoridades igualmente\nagradecieron al municipio de Natales, a su alcalde Fernando Paredes, que en el\nmarco de un nuevo aniversario han prestado la colaboraci\u00f3n necesaria para que\nla EXPO FOSIS sea un \u00e9xito. <\/p>\n\n\n\n<p>El evento, a realizarse los d\u00edas 4 y 5 de mayo en la sala de Usos M\u00faltiples, abrir\u00e1 sus puertas desde las 14:30 a 20:00 hrs., y los visitantes adem\u00e1s podr\u00e1n disfrutar de shows infantiles, concursos, entre otras sorpresas. La entrada es gratuita.<\/p>\n\n\n\n<figure class=\"wp-block-image\"><img loading=\"lazy\" decoding=\"async\" width=\"900\" height=\"470\" src=\"https:\/\/www.radiopresidenteibanez.cl\/web\/wp-content\/uploads\/2019\/05\/2.jpg\" alt=\"\" class=\"wp-image-3822\" srcset=\"https:\/\/www.radiopresidenteibanez.cl\/web\/wp-content\/uploads\/2019\/05\/2.jpg 900w, https:\/\/www.radiopresidenteibanez.cl\/web\/wp-content\/uploads\/2019\/05\/2-300x157.jpg 300w, https:\/\/www.radiopresidenteibanez.cl\/web\/wp-content\/uploads\/2019\/05\/2-768x401.jpg 768w\" sizes=\"auto, (max-width: 900px) 100vw, 900px\" \/><\/figure>\n","protected":false},"excerpt":{"rendered":"<p>Este s\u00e1bado 4 y domingo 5 de mayo, en la Sala de Usos M\u00faltiples de la comuna de Natales, ubicada en calle Miraflores, se desarrollar\u00e1 una nueva versi\u00f3n de la&#8230; <a class=\"read-more\" href=\"https:\/\/www.radiopresidenteibanez.cl\/web\/todo-en-marcha-para-la-expo-fosis-natales-este-fin-de-semana\/\">Leer m\u00e1s<\/a><\/p>\n","protected":false},"author":2,"featured_media":3822,"comment_status":"closed","ping_status":"closed","sticky":false,"template":"","format":"standard","meta":{"footnotes":""},"categories":[1],"tags":[],"class_list":["post-3821","post","type-post","status-publish","format-standard","has-post-thumbnail","hentry","category-cronica"],"_links":{"self":[{"href":"https:\/\/www.radiopresidenteibanez.cl\/web\/wp-json\/wp\/v2\/posts\/3821","targetHints":{"allow":["GET"]}}],"collection":[{"href":"https:\/\/www.radiopresidenteibanez.cl\/web\/wp-json\/wp\/v2\/posts"}],"about":[{"href":"https:\/\/www.radiopresidenteibanez.cl\/web\/wp-json\/wp\/v2\/types\/post"}],"author":[{"embeddable":true,"href":"https:\/\/www.radiopresidenteibanez.cl\/web\/wp-json\/wp\/v2\/users\/2"}],"replies":[{"embeddable":true,"href":"https:\/\/www.radiopresidenteibanez.cl\/web\/wp-json\/wp\/v2\/comments?post=3821"}],"version-history":[{"count":0,"href":"https:\/\/www.radiopresidenteibanez.cl\/web\/wp-json\/wp\/v2\/posts\/3821\/revisions"}],"wp:featuredmedia":[{"embeddable":true,"href":"https:\/\/www.radiopresidenteibanez.cl\/web\/wp-json\/wp\/v2\/media\/3822"}],"wp:attachment":[{"href":"https:\/\/www.radiopresidenteibanez.cl\/web\/wp-json\/wp\/v2\/media?parent=3821"}],"wp:term":[{"taxonomy":"category","embeddable":true,"href":"https:\/\/www.radiopresidenteibanez.cl\/web\/wp-json\/wp\/v2\/categories?post=3821"},{"taxonomy":"post_tag","embeddable":true,"href":"https:\/\/www.radiopresidenteibanez.cl\/web\/wp-json\/wp\/v2\/tags?post=3821"}],"curies":[{"name":"wp","href":"https:\/\/api.w.org\/{rel}","templated":true}]}}