{"id":38206,"date":"2023-03-17T16:43:00","date_gmt":"2023-03-17T19:43:00","guid":{"rendered":"https:\/\/www.radiopresidenteibanez.cl\/web\/?p=38206"},"modified":"2023-03-17T14:05:34","modified_gmt":"2023-03-17T17:05:34","slug":"registro-civil-inicia-nueva-campana11-mil-cedulas-vencidas-en-la-region","status":"publish","type":"post","link":"https:\/\/www.radiopresidenteibanez.cl\/web\/registro-civil-inicia-nueva-campana11-mil-cedulas-vencidas-en-la-region\/","title":{"rendered":"REGISTRO CIVIL INICIA NUEVA CAMPA\u00d1A:<br>11 MIL C\u00c9DULAS VENCIDAS EN LA REGI\u00d3N"},"content":{"rendered":"\n<p>A contar de este 13 de marzo, el Servicio de Registro Civil e Identificaci\u00f3n dio inicio a una nueva<br>campa\u00f1a de atenciones en Punta Arenas los lunes en la tarde, a trav\u00e9s de su Oficina M\u00f3vil<br>(CivilM\u00f3vil), la cual se mantendr\u00e1 en terreno el primer d\u00eda de la semana en Avenida Col\u00f3n esquina<br>Bories, durante los meses de marzo y abril. All\u00ed, desde las 15:00 hasta las 17:00 horas otorgar\u00e1n<br>atenciones de c\u00e9dulas de identidad, pasaportes y c\u00f3digos de activaci\u00f3n de Clave \u00danica.<br>As\u00ed lo inform\u00f3 Arturo Aranda, Director Regional (S) del Registro Civil, destacando que este esfuerzo<br>de los lunes, que se suma a otras campa\u00f1as vigentes, se enfocar\u00e1 en la zona del centro, donde hay<br>mayor circulaci\u00f3n de personas. Esto, a la espera de ampliar su oferta de atenci\u00f3n y reducir la<br>actual brecha de 11 mil c\u00e9dulas de identidad vencidas en la regi\u00f3n. Agreg\u00f3 que durante estos<br>operativos de Col\u00f3n con Bories se repartir\u00e1n 30 n\u00fameros de atenci\u00f3n para poder cubrir similar<br>n\u00famero de personas por cada jornada. En tanto, el valor unitario a cancelar por c\u00e9dula de<br>identidad es el mismo que se paga en oficina: 3.820 pesos.<br>Del mismo modo, tienen prevista adem\u00e1s la realizaci\u00f3n de atenciones extraordinarias en otros<br>puntos de la ciudad, todo lo cual ser\u00e1 informado oportunamente a trav\u00e9s de las redes sociales de<br>la SEREM\u00cdA de Justicia y Derechos Humanos.<br>De manera complementaria, est\u00e1 definido tambi\u00e9n llevar adelante un plan de atenci\u00f3n los d\u00edas<br>s\u00e1bados de abril y mayo en su oficina regional de cabecera en Punta Arenas (Ignacio Carrera Pinto<br>N\u00b0 618).<br>Al respecto, la Seremi de Justicia y DD.HH., Michelle Peutat Alvarado, se mostr\u00f3 muy agradecida<br>del Registro Civil, \u201cdel compromiso que tienen todas sus funcionarias y funcionarios por atender en<br>terreno a los vecinos y vecinas de la regi\u00f3n. Es muy importante la renovaci\u00f3n de estos documentos,<br>y permanentemente estamos buscando mecanismos para poder facilitar este tipo de tr\u00e1mites a la<br>comunidad\u201d.<br>La autoridad regional agreg\u00f3 que: \u201cpronto estrenaremos otras estrategias comunicacionales<br>enfocadas a grupos espec\u00edficas de la poblaci\u00f3n, como las y los j\u00f3venes mediante el uso de la App<\/p>\n\n\n\n<p>del Registro Civil, as\u00ed como tambi\u00e9n reforzar y coordinar las atenciones domiciliarias y en terreno<br>con otros servicios\u201d.<\/p>\n","protected":false},"excerpt":{"rendered":"<p>A contar de este 13 de marzo, el Servicio de Registro Civil e Identificaci\u00f3n dio inicio a una nuevacampa\u00f1a de atenciones en Punta Arenas los lunes en la tarde, a&#8230; <a class=\"read-more\" href=\"https:\/\/www.radiopresidenteibanez.cl\/web\/registro-civil-inicia-nueva-campana11-mil-cedulas-vencidas-en-la-region\/\">Leer m\u00e1s<\/a><\/p>\n","protected":false},"author":2,"featured_media":38207,"comment_status":"closed","ping_status":"closed","sticky":false,"template":"","format":"standard","meta":{"footnotes":""},"categories":[1],"tags":[],"class_list":["post-38206","post","type-post","status-publish","format-standard","has-post-thumbnail","hentry","category-cronica"],"_links":{"self":[{"href":"https:\/\/www.radiopresidenteibanez.cl\/web\/wp-json\/wp\/v2\/posts\/38206","targetHints":{"allow":["GET"]}}],"collection":[{"href":"https:\/\/www.radiopresidenteibanez.cl\/web\/wp-json\/wp\/v2\/posts"}],"about":[{"href":"https:\/\/www.radiopresidenteibanez.cl\/web\/wp-json\/wp\/v2\/types\/post"}],"author":[{"embeddable":true,"href":"https:\/\/www.radiopresidenteibanez.cl\/web\/wp-json\/wp\/v2\/users\/2"}],"replies":[{"embeddable":true,"href":"https:\/\/www.radiopresidenteibanez.cl\/web\/wp-json\/wp\/v2\/comments?post=38206"}],"version-history":[{"count":0,"href":"https:\/\/www.radiopresidenteibanez.cl\/web\/wp-json\/wp\/v2\/posts\/38206\/revisions"}],"wp:featuredmedia":[{"embeddable":true,"href":"https:\/\/www.radiopresidenteibanez.cl\/web\/wp-json\/wp\/v2\/media\/38207"}],"wp:attachment":[{"href":"https:\/\/www.radiopresidenteibanez.cl\/web\/wp-json\/wp\/v2\/media?parent=38206"}],"wp:term":[{"taxonomy":"category","embeddable":true,"href":"https:\/\/www.radiopresidenteibanez.cl\/web\/wp-json\/wp\/v2\/categories?post=38206"},{"taxonomy":"post_tag","embeddable":true,"href":"https:\/\/www.radiopresidenteibanez.cl\/web\/wp-json\/wp\/v2\/tags?post=38206"}],"curies":[{"name":"wp","href":"https:\/\/api.w.org\/{rel}","templated":true}]}}